{"id":4734,"date":"2017-04-22T14:52:00","date_gmt":"2017-04-22T14:52:00","guid":{"rendered":"http:\/\/www.mertcanpolat.com.tr\/dev\/index.php\/2017\/04\/22\/odullu-stant-rdkmde\/"},"modified":"2017-04-22T14:52:00","modified_gmt":"2017-04-22T14:52:00","slug":"odullu-stant-rdkmde","status":"publish","type":"post","link":"http:\/\/www.mertcanpolat.com.tr\/dev\/odullu-stant-rdkmde\/","title":{"rendered":"\u00d6D\u00dcLL\u00dc STANT RDKM\u2019DE"},"content":{"rendered":"<p><b>Yalova Belediyesi\u2019nin Ocak ay\u0131 sonunda kat\u0131ld\u0131\u011f\u0131 EMITT Fuar\u0131nda \u2018Destinasyon\u2019 dal\u0131nda \u00f6d\u00fcle lay\u0131k g\u00f6r\u00fclen Y\u00fcr\u00fcyen K\u00f6\u015fk temal\u0131 stand\u0131 Raif Din\u00e7k\u00f6k K\u00fclt\u00fcr Merkezi fuaye alan\u0131na kuruldu.<\/b>   <\/p>\n<p> <span style=\"font-size:14px;\">Kurulum i\u015flemi tamamland\u0131ktan sonra Yalova Belediye Ba\u015fkan\u0131 Vefa Salman ve Belediye Ba\u015fkan Yard\u0131mc\u0131s\u0131 J\u00fclide G\u00fcner stand\u0131 yerinde incelediler. RDKM\u2019de d\u00fczenlenen program ve nikaha gelenler stand\u0131 ziyaret edebilecekler.<\/span> <\/p>\n<p> <span style=\"font-size:14px;\"> <strong>Yalova\u2019n\u0131n Markas\u0131<\/strong> <\/span> <\/p>\n<p> <span style=\"font-size:14px;\">\u201cB\u00fcy\u00fck \u00d6nderimiz Mustafa Kemal Atat\u00fcrk\u2019\u00fcn kentimize miras\u0131 Yalova\u2019n\u0131n markas\u0131 Y\u00fcr\u00fcyen K\u00f6\u015fk EMITT Fuar\u0131nda yo\u011fun ilgi g\u00f6rm\u00fc\u015ft\u00fc\u201d diyen Ba\u015fkan Salman; \u201cY\u00fcr\u00fcyen K\u00f6\u015fk\u2019\u00fc tan\u0131tmak i\u00e7in ne gerekiyorsa yap\u0131yoruz. Ocak ay\u0131nda yerli ve yabanc\u0131 bir\u00e7ok firman\u0131n kat\u0131ld\u0131\u011f\u0131 EMITT Fuar\u0131na k\u00f6\u015fk temal\u0131 bir stantla kat\u0131lm\u0131\u015ft\u0131k. Stand\u0131m\u0131z birincilikle \u00f6d\u00fcllendirilmi\u015fti. Yalova\u2019da ya\u015fayan herkesin mutlaka Y\u00fcr\u00fcyen K\u00f6\u015fk\u2019e giderek asl\u0131n\u0131 yerinde g\u00f6rmesini tavsiye ediyorum. Ancak fuarda sergilenen yap\u0131n\u0131n da kenarda durmas\u0131 yerine k\u00fclt\u00fcr merkezimize gelen vatanda\u015flar\u0131m\u0131zca g\u00f6r\u00fclmesinin daha uygun olaca\u011f\u0131n\u0131 d\u00fc\u015f\u00fcnd\u00fck ve k\u00f6\u015fk\u00fc buraya kurdurduk. Maketinde yo\u011fun ilgi g\u00f6rece\u011fini d\u00fc\u015f\u00fcn\u00fcyorum\u201d diye konu\u015ftu.&nbsp;&nbsp;&nbsp;&nbsp;<\/span> <\/p>\n","protected":false},"excerpt":{"rendered":"<p>Yalova Belediyesi\u2019nin Ocak ay\u0131 sonunda kat\u0131ld\u0131\u011f\u0131 EMITT Fuar\u0131nda \u2018Destinasyon\u2019 dal\u0131nda \u00f6d\u00fcle lay\u0131k g\u00f6r\u00fclen Y\u00fcr\u00fcyen K\u00f6\u015fk temal\u0131 stand\u0131 Raif Din\u00e7k\u00f6k K\u00fclt\u00fcr<\/p>\n","protected":false},"author":1,"featured_media":4735,"comment_status":"open","ping_status":"open","sticky":false,"template":"","format":"standard","meta":[],"categories":[1],"tags":[],"_links":{"self":[{"href":"http:\/\/www.mertcanpolat.com.tr\/dev\/wp-json\/wp\/v2\/posts\/4734"}],"collection":[{"href":"http:\/\/www.mertcanpolat.com.tr\/dev\/wp-json\/wp\/v2\/posts"}],"about":[{"href":"http:\/\/www.mertcanpolat.com.tr\/dev\/wp-json\/wp\/v2\/types\/post"}],"author":[{"embeddable":true,"href":"http:\/\/www.mertcanpolat.com.tr\/dev\/wp-json\/wp\/v2\/users\/1"}],"replies":[{"embeddable":true,"href":"http:\/\/www.mertcanpolat.com.tr\/dev\/wp-json\/wp\/v2\/comments?post=4734"}],"version-history":[{"count":0,"href":"http:\/\/www.mertcanpolat.com.tr\/dev\/wp-json\/wp\/v2\/posts\/4734\/revisions"}],"wp:featuredmedia":[{"embeddable":true,"href":"http:\/\/www.mertcanpolat.com.tr\/dev\/wp-json\/wp\/v2\/media\/4735"}],"wp:attachment":[{"href":"http:\/\/www.mertcanpolat.com.tr\/dev\/wp-json\/wp\/v2\/media?parent=4734"}],"wp:term":[{"taxonomy":"category","embeddable":true,"href":"http:\/\/www.mertcanpolat.com.tr\/dev\/wp-json\/wp\/v2\/categories?post=4734"},{"taxonomy":"post_tag","embeddable":true,"href":"http:\/\/www.mertcanpolat.com.tr\/dev\/wp-json\/wp\/v2\/tags?post=4734"}],"curies":[{"name":"wp","href":"https:\/\/api.w.org\/{rel}","templated":true}]}}