{"id":4728,"date":"2017-04-27T15:38:00","date_gmt":"2017-04-27T15:38:00","guid":{"rendered":"http:\/\/www.mertcanpolat.com.tr\/dev\/index.php\/2017\/04\/27\/cinarcikta-spor-atagi\/"},"modified":"2017-04-27T15:38:00","modified_gmt":"2017-04-27T15:38:00","slug":"cinarcikta-spor-atagi","status":"publish","type":"post","link":"http:\/\/www.mertcanpolat.com.tr\/dev\/cinarcikta-spor-atagi\/","title":{"rendered":"\u00c7INARCIK&#39;TA SPOR ATA\u011eI"},"content":{"rendered":"<p><b>\u00c7\u0131narc\u0131k Belediyesi ile il\u00e7ede bulunan Carbon Fitness aras\u0131nda i\u015fbirli\u011fi protokol\u00fc imzaland\u0131.<\/b>   <\/p>\n<p> <span style=\"font-size:14px;\">Carbon Fitness i\u015fletmecisi ve v\u00fccut geli\u015ftirme sporcusu Caner Candan, \u00c7\u0131narc\u0131k Belediye Ba\u015fkan\u0131 Avni Kurt\u2019u makam\u0131nda ziyaret etti. Ziyarette \u00c7\u0131narc\u0131k Belediyespor b\u00fcnyesinde a\u00e7\u0131lacak yeni spor bran\u015flar\u0131 ve i\u015fbirli\u011fi konu\u015fuldu. <\/span> <\/p>\n<p> <span style=\"font-size:14px;\">Ziyaret sonras\u0131nda i\u015fletmeci Caner Candan ve \u00c7\u0131narc\u0131k Belediye Ba\u015fkan\u0131 Avni Kurt aras\u0131nda i\u015fbirli\u011fi protokol\u00fc imzaland\u0131. Protokol kapsam\u0131nda belediye personelinin Carbon Fitness i\u00e7in \u00fcyelik \u00fccretlerinde indirim yap\u0131lacak. Yine Carbon Fitness b\u00fcnyesinde \u00c7\u0131narc\u0131k Belediyespor satran\u00e7 bran\u015f\u0131 i\u00e7in yer verilecek ve e\u011fitim d\u00fczenlenecek. <\/span> <\/p>\n<p> <span style=\"font-size:14px;\">Ayn\u0131 zamanda v\u00fccut geli\u015ftirme sporcusu olan Caner Candan da bundan b\u00f6yle \u00c7\u0131narc\u0131k Belediyespor b\u00fcnyesinde yar\u0131\u015fmalara kat\u0131lacak. Candan ilk olarak Eyl\u00fcl ay\u0131nda yap\u0131lacak<br \/> T\u00fcrkiye V\u00fccut Geli\u015ftirme \u015eampiyonas\u0131 ve Kas\u0131m ay\u0131nda yurt d\u0131\u015f\u0131nda yap\u0131lacak D\u00fcnya V\u00fccut Geli\u015ftirme m\u00fcsabakas\u0131nda \u00c7\u0131narc\u0131k Belediyespor\u2019u temsil edecek.<\/span> <\/p>\n<p> <span style=\"font-size:14px;\">\u00c7\u0131narc\u0131k Belediye Ba\u015fkan\u0131 Avni Kurt, spora desteklerinin s\u00fcreceklerini ifade ederek futbol d\u0131\u015f\u0131nda di\u011fer bran\u015flarda da faaliyet g\u00f6stermeye ba\u015flad\u0131klar\u0131n\u0131 s\u00f6yledi. Kurt, \u201cSatran\u00e7la ilgili \u00e7al\u0131\u015fmalar\u0131m\u0131za ba\u015flad\u0131k. Bunun yan\u0131nda Caner Candan\u2019\u0131n aram\u0131za kat\u0131lmas\u0131yla v\u00fccut geli\u015ftirme alan\u0131nda da faaliyete ge\u00e7iyoruz. G\u00fczel projelere imza ataca\u011f\u0131m\u0131za inan\u0131yorum\u201d dedi.<\/span> <\/p>\n<p> <span style=\"font-size:14px;\">Sporcu ve i\u015fletmeci Caner Candan ise \u00c7\u0131narc\u0131k Belediyespor b\u00fcnyesinde yar\u0131\u015fmaktan mutluluk duyaca\u011f\u0131n\u0131 ifade etti.<\/span> <\/p>\n","protected":false},"excerpt":{"rendered":"<p>\u00c7\u0131narc\u0131k Belediyesi ile il\u00e7ede bulunan Carbon Fitness aras\u0131nda i\u015fbirli\u011fi protokol\u00fc imzaland\u0131. Carbon Fitness i\u015fletmecisi ve v\u00fccut geli\u015ftirme sporcusu Caner Candan,<\/p>\n","protected":false},"author":1,"featured_media":4729,"comment_status":"open","ping_status":"open","sticky":false,"template":"","format":"standard","meta":[],"categories":[1],"tags":[],"_links":{"self":[{"href":"http:\/\/www.mertcanpolat.com.tr\/dev\/wp-json\/wp\/v2\/posts\/4728"}],"collection":[{"href":"http:\/\/www.mertcanpolat.com.tr\/dev\/wp-json\/wp\/v2\/posts"}],"about":[{"href":"http:\/\/www.mertcanpolat.com.tr\/dev\/wp-json\/wp\/v2\/types\/post"}],"author":[{"embeddable":true,"href":"http:\/\/www.mertcanpolat.com.tr\/dev\/wp-json\/wp\/v2\/users\/1"}],"replies":[{"embeddable":true,"href":"http:\/\/www.mertcanpolat.com.tr\/dev\/wp-json\/wp\/v2\/comments?post=4728"}],"version-history":[{"count":0,"href":"http:\/\/www.mertcanpolat.com.tr\/dev\/wp-json\/wp\/v2\/posts\/4728\/revisions"}],"wp:featuredmedia":[{"embeddable":true,"href":"http:\/\/www.mertcanpolat.com.tr\/dev\/wp-json\/wp\/v2\/media\/4729"}],"wp:attachment":[{"href":"http:\/\/www.mertcanpolat.com.tr\/dev\/wp-json\/wp\/v2\/media?parent=4728"}],"wp:term":[{"taxonomy":"category","embeddable":true,"href":"http:\/\/www.mertcanpolat.com.tr\/dev\/wp-json\/wp\/v2\/categories?post=4728"},{"taxonomy":"post_tag","embeddable":true,"href":"http:\/\/www.mertcanpolat.com.tr\/dev\/wp-json\/wp\/v2\/tags?post=4728"}],"curies":[{"name":"wp","href":"https:\/\/api.w.org\/{rel}","templated":true}]}}