{"id":4726,"date":"2017-04-27T15:52:00","date_gmt":"2017-04-27T15:52:00","guid":{"rendered":"http:\/\/www.mertcanpolat.com.tr\/dev\/index.php\/2017\/04\/27\/ak-partiden-tesekkur-ziyaretleri\/"},"modified":"2017-04-27T15:52:00","modified_gmt":"2017-04-27T15:52:00","slug":"ak-partiden-tesekkur-ziyaretleri","status":"publish","type":"post","link":"http:\/\/www.mertcanpolat.com.tr\/dev\/ak-partiden-tesekkur-ziyaretleri\/","title":{"rendered":"AK PART\u0130DEN TE\u015eEKK\u00dcR Z\u0130YARETLER\u0130"},"content":{"rendered":"<p><b>16 Nisan\u2019da yap\u0131lan anayasa de\u011fi\u015fikli\u011fi halk oylamas\u0131n\u0131n ard\u0131ndan te\u015fekk\u00fcr ziyaretlerine \u00e7\u0131kan AK Parti \u0130l Ba\u015fkan\u0131 Yusuf Ziya \u00d6ztabak, Merkez \u0130l\u00e7e Ba\u015fkan\u0131 Umut G\u00fc\u00e7l\u00fc, belediye meclis \u00fcyeleri ve y\u00f6netim kurulu \u00fcyeleri ile birlikte \u00e7e\u015fitli sivil toplum kurulu\u015flar\u0131n\u0131 ziyaret etti.<\/b>   <\/p>\n<p> <span style=\"font-size:14px;\">Ak Parti heyeti ilk olarak Esnaf ve Sanatkarlar Odas\u0131, Esnaf ve Sanatkarlar Kredi Kefalet Kooperatifi, Seyyar Pazarc\u0131lar Odas\u0131, Esnaf Sanatkarlar Odalar Birli\u011fi, Berberler ve Kuaf\u00f6rler Odas\u0131 ba\u015fkanlar\u0131n\u0131 ve y\u00f6netimlerini ziyaret etti.<\/span> <\/p>\n<p> <span style=\"font-size:14px;\">Ziyaretlerde Ba\u015fkan \u00d6ztabak, esnaflar\u0131n sorunlar\u0131n\u0131n \u00e7\u00f6z\u00fcm\u00fc i\u00e7in \u00fczerlerine d\u00fc\u015feni her zaman yapmaya haz\u0131r olduklar\u0131n\u0131 belirtti. Sivil toplum kurulu\u015flar\u0131 ile s\u00fcrekli koordineli olarak \u00e7al\u0131\u015fmalar\u0131n\u0131 s\u00fcrd\u00fcrd\u00fcklerini s\u00f6yleyen \u00d6ztabak 16 Nisan\u2019da yap\u0131lan halk oylamas\u0131n\u0131n \u00fclkemizin \u00f6n\u00fcn\u00fc a\u00e7aca\u011f\u0131n\u0131 ve daha iyi olaca\u011f\u0131n\u0131 dile getirdi. \u00d6ztabak, \u201cEsnaflar\u0131m\u0131z\u0131n ve halk\u0131m\u0131z\u0131n sorunlar\u0131n\u0131n \u00e7\u00f6z\u00fcm\u00fc i\u00e7in s\u00fcrekli temsilcilerimizde bir araya geliyor ve taleplerini dinliyoruz. \u00c7\u00f6z\u00fcme kavu\u015fmas\u0131 noktas\u0131nda da elimizden geleni yap\u0131yoruz\u201d dedi.<\/span> <\/p>\n<p>&nbsp;<\/p>\n","protected":false},"excerpt":{"rendered":"<p>16 Nisan\u2019da yap\u0131lan anayasa de\u011fi\u015fikli\u011fi halk oylamas\u0131n\u0131n ard\u0131ndan te\u015fekk\u00fcr ziyaretlerine \u00e7\u0131kan AK Parti \u0130l Ba\u015fkan\u0131 Yusuf Ziya \u00d6ztabak, Merkez \u0130l\u00e7e<\/p>\n","protected":false},"author":1,"featured_media":4727,"comment_status":"open","ping_status":"open","sticky":false,"template":"","format":"standard","meta":[],"categories":[1],"tags":[],"_links":{"self":[{"href":"http:\/\/www.mertcanpolat.com.tr\/dev\/wp-json\/wp\/v2\/posts\/4726"}],"collection":[{"href":"http:\/\/www.mertcanpolat.com.tr\/dev\/wp-json\/wp\/v2\/posts"}],"about":[{"href":"http:\/\/www.mertcanpolat.com.tr\/dev\/wp-json\/wp\/v2\/types\/post"}],"author":[{"embeddable":true,"href":"http:\/\/www.mertcanpolat.com.tr\/dev\/wp-json\/wp\/v2\/users\/1"}],"replies":[{"embeddable":true,"href":"http:\/\/www.mertcanpolat.com.tr\/dev\/wp-json\/wp\/v2\/comments?post=4726"}],"version-history":[{"count":0,"href":"http:\/\/www.mertcanpolat.com.tr\/dev\/wp-json\/wp\/v2\/posts\/4726\/revisions"}],"wp:featuredmedia":[{"embeddable":true,"href":"http:\/\/www.mertcanpolat.com.tr\/dev\/wp-json\/wp\/v2\/media\/4727"}],"wp:attachment":[{"href":"http:\/\/www.mertcanpolat.com.tr\/dev\/wp-json\/wp\/v2\/media?parent=4726"}],"wp:term":[{"taxonomy":"category","embeddable":true,"href":"http:\/\/www.mertcanpolat.com.tr\/dev\/wp-json\/wp\/v2\/categories?post=4726"},{"taxonomy":"post_tag","embeddable":true,"href":"http:\/\/www.mertcanpolat.com.tr\/dev\/wp-json\/wp\/v2\/tags?post=4726"}],"curies":[{"name":"wp","href":"https:\/\/api.w.org\/{rel}","templated":true}]}}