{"id":4722,"date":"2017-04-27T16:16:00","date_gmt":"2017-04-27T16:16:00","guid":{"rendered":"http:\/\/www.mertcanpolat.com.tr\/dev\/index.php\/2017\/04\/27\/uc-yilin-degerlendirmesi\/"},"modified":"2017-04-27T16:16:00","modified_gmt":"2017-04-27T16:16:00","slug":"uc-yilin-degerlendirmesi","status":"publish","type":"post","link":"http:\/\/www.mertcanpolat.com.tr\/dev\/uc-yilin-degerlendirmesi\/","title":{"rendered":"\u00dc\u00c7 YILIN DE\u011eERLEND\u0130RMES\u0130"},"content":{"rendered":"<p><b>Yalova Belediye Ba\u015fkan\u0131 Vefa Salman, ba\u015fkan yard\u0131mc\u0131lar\u0131, birim m\u00fcd\u00fcrleri ve belediye \u015firketleri y\u00f6neticilerinin kat\u0131ld\u0131\u011f\u0131 toplant\u0131da 30 Mart 2014\u2019te yap\u0131lan yerel se\u00e7imlerden bu g\u00fcne kadar yap\u0131lan \u00e7al\u0131\u015fmalar geni\u015f kapsaml\u0131 olarak de\u011ferlendirildi.<\/b>   <\/p>\n<p> <span style=\"font-size:14px;\"> <img alt=\"\" src=\"http:\/\/ajansyalova.com\/Images\/Thumbs\/Editor\/6110-yalovabelediyesidegerlendirmetoplantisi.jpeg\" style=\"border-width: 2px; border-style: solid; margin: 2px; float: left; width: 800px; height: 218px;\" \/>30 Mart se\u00e7imlerinin iptali ile \u00fclkenin g\u00fcndemine oturan ve 1 Haziran\u2019da yenilenen se\u00e7imlerle ikinci kez ba\u015fkanl\u0131\u011fa se\u00e7ilen Yalova Belediye Ba\u015fkan\u0131 Vefa Salman, geride kalan 3 y\u0131l\u0131n de\u011ferlendirildi\u011fi toplant\u0131da ba\u015fkan yard\u0131mc\u0131lar\u0131, birim m\u00fcd\u00fcrleri ve \u015firket y\u00f6neticileriyle bir araya geldi.<\/span> <\/p>\n<p> <span style=\"font-size:14px;\">A\u00e7\u0131l\u0131\u015f konu\u015fmas\u0131n\u0131 ger\u00e7ekle\u015ftiren Ba\u015fkan Salman, \u201cBen bu kente a\u015f\u0131\u011f\u0131m\u201d diyerek \u015funlar\u0131 dile getirdi:<\/span> <\/p>\n<p> <span style=\"font-size:14px;\">\u201cAllah nasip etti a\u015f\u0131k oldu\u011fum bu kente siz de\u011ferli mesai arkada\u015flar\u0131mla birlikte hizmet etme \u015fans\u0131na sahip oldum. \u2018Birlikte y\u00f6netece\u011fiz, sevgiyle b\u00fcy\u00fctece\u011fiz\u2019 slogan\u0131yla \u00e7\u0131kt\u0131\u011f\u0131m\u0131z bu yolda halk\u0131m\u0131za en iyi hizmeti sunabilmek i\u00e7in aral\u0131ks\u0131z olarak \u00e7al\u0131\u015f\u0131yoruz. Geride b\u0131rakt\u0131\u011f\u0131m\u0131z \u00fc\u00e7 y\u0131lda bir\u00e7ok i\u015fe imza att\u0131k. Halk\u0131m\u0131zla s\u00fcrekli i\u00e7 i\u00e7eyim. Yapt\u0131\u011f\u0131m\u0131z hizmetlerin takdirini halk\u0131m\u0131zdan al\u0131yorum. Hi\u00e7bir siyasi kayg\u0131 duymaks\u0131z\u0131n, yapt\u0131\u011f\u0131m\u0131z i\u015ften siyasi beklenti i\u00e7inde olmaks\u0131z\u0131n hizmet etmeye \u00e7al\u0131\u015f\u0131yoruz. Tek bir gayemiz var oda hukuk ve kanunlar \u00e7er\u00e7evesinde vatanda\u015f\u0131m\u0131za hak etti\u011fi en iyi hizmeti sunmak. Daha ilk g\u00fcnden siz de\u011ferli mesai arkada\u015flar\u0131ma sizlerden asla kanunsuz bir i\u015f yapman\u0131z\u0131 talep etmeyece\u011fim. Kanunen uygun olmayan bir \u015feyin alt\u0131na asla imza atmay\u0131n diye de belirttim. Bu do\u011frultuda \u00e7al\u0131\u015fmaya devam edece\u011fiz.\u201d<\/span> <\/p>\n<p> <strong> <span style=\"font-size:14px;\">\u201c\u00c7ocuklar\u0131n\u0131za G\u00fczel Bir Yalova B\u0131rak\u0131n\u201d<\/span> <\/strong> <\/p>\n<p> <span style=\"font-size:14px;\">Yalova\u2019ya hizmet eden b\u00fcy\u00fck bir ailenin par\u00e7as\u0131 olduklar\u0131n\u0131 dile getiren Ba\u015fkan Salman, \u201cHepimiz bu kentte ya\u015f\u0131yor, bu kentin havas\u0131n\u0131 soluyoruz. Benim en b\u00fcy\u00fck gayem gelecek ku\u015faklara daha g\u00fczel, daha modern, daha \u00e7a\u011fda\u015f bir Yalova b\u0131rakabilmek. Sizlerin de ayn\u0131 gayede oldu\u011funuzu d\u00fc\u015f\u00fcn\u00fcyorum. Yapaca\u011f\u0131n\u0131z hizmetleri yar\u0131n \u00e7ocuklar\u0131n\u0131za gururla g\u00f6stereceksiniz. Yapaca\u011f\u0131n\u0131z hizmetleri \u00e7ocuklar\u0131n\u0131za b\u0131rakaca\u011f\u0131n\u0131z bir miras\u0131n\u0131z gibi d\u00fc\u015f\u00fcn\u00fcn ve ona g\u00f6re halk\u0131m\u0131za en iyisini \u00fcretmek i\u00e7in \u00e7al\u0131\u015f\u0131n\u201d dedi.<\/span> <\/p>\n<p> <strong> <span style=\"font-size:14px;\">\u201c\u00dczerinize Vazife Olmayan \u0130\u015flere de Kar\u0131\u015f\u0131n\u201d<\/span> <\/strong> <\/p>\n<p> <span style=\"font-size:14px;\">Ba\u015fkan Salman, halka verdikleri s\u00f6zleri yerine getirdiklerini ifade ederek \u015f\u00f6yle devam etti:<\/span> <\/p>\n<p> <span style=\"font-size:14px;\">\u201c\u00d6n\u00fcm\u00fczde 2 y\u0131l\u0131m\u0131z var. Bu iki y\u0131lda halk\u0131m\u0131za verdi\u011fimiz s\u00f6zlerin yan\u0131 s\u0131ra ihtiya\u00e7 duyulan hizmetleri de \u00fcretece\u011fiz. Geride kalan \u00fc\u00e7 y\u0131lda 5 y\u0131lda yap\u0131lm\u0131\u015f bir\u00e7ok i\u015fi ikiye katlad\u0131k. Kalan 2 y\u0131ll\u0131k hizmet s\u00fcremizde de en iyisini \u00fcretmek i\u00e7in \u00e7al\u0131\u015faca\u011f\u0131z. Y\u00f6netim anlay\u0131\u015f\u0131m\u0131z\u0131n temelinde halk\u0131n y\u00f6netime katk\u0131s\u0131 var. Halk\u0131m\u0131zla yapm\u0131\u015f oldu\u011fumuz g\u00f6r\u00fc\u015fmeleri artt\u0131rarak s\u00fcrd\u00fcrece\u011fiz. Sizlere en ba\u015f\u0131ndan beri bu benim g\u00f6revim de\u011fil demeyin dedim. \u00dczerinize vazife olmayan i\u015flere de kar\u0131\u015f\u0131n. Eksik g\u00f6rd\u00fc\u011f\u00fcn\u00fcz konular\u0131 uyar\u0131n, y\u00f6nlendirin dedim. Ayn\u0131 beklentim s\u00fcr\u00fcyor. Biz bir ekibiz ve bu ekip Yalova\u2019ya hizmet \u00fcretiyor. Sizlerin nezdinde bu hizmetlerin halk\u0131m\u0131za ula\u015ft\u0131r\u0131lmas\u0131nda b\u00fcy\u00fck emek harcayan t\u00fcm \u00e7al\u0131\u015fan personelimize \u00e7ok te\u015fekk\u00fcr ediyorum.\u201d<\/span> <\/p>\n<p> <strong> <span style=\"font-size:14px;\">Birim M\u00fcd\u00fcrleri \u00c7al\u0131\u015fmalar\u0131n\u0131 Anlatt\u0131<\/span> <\/strong> <\/p>\n<p> <span style=\"font-size:14px;\">Ba\u015fkan Salman, s\u00f6zlerini bu toplant\u0131y\u0131 d\u00fczenlememizdeki ama\u00e7 her birim m\u00fcd\u00fcr\u00fcm\u00fcz\u00fcn t\u00fcm birimlerin yapm\u0131\u015f oldu\u011fu 3 y\u0131ll\u0131k \u00e7al\u0131\u015fmaya yak\u0131ndan vak\u0131f olmas\u0131d\u0131r diyerek tamamlad\u0131. Ba\u015fkan Salman\u2019\u0131n ard\u0131ndan \u00f6nce Ba\u015fkan Yard\u0131mc\u0131s\u0131 Halit G\u00fcle\u00e7, daha sonra da birim m\u00fcd\u00fcrleri geride kalan 3 y\u0131lda yap\u0131lan \u00e7al\u0131\u015fmalar\u0131 ve birimlerin 2 y\u0131ll\u0131k yat\u0131r\u0131m program\u0131nda yer alan projeleri anlatt\u0131lar. &nbsp;<\/span> <\/p>\n<p> <strong> <span style=\"font-size:14px;\">Ay\u0131n M\u00fcd\u00fcrlerine Plaket<img alt=\"\" src=\"http:\/\/ajansyalova.com\/Images\/Thumbs\/Editor\/6111-05.jpeg\" style=\"border-width: 2px; border-style: solid; margin: 2px; float: right; width: 550px; height: 367px;\" \/> <\/span> <\/strong> <\/p>\n<p> <span style=\"font-size:14px;\">Vefa Salman\u2019\u0131n ba\u015fkan se\u00e7ilmesinden sonra uygulamaya konan ay\u0131n m\u00fcd\u00fcr\u00fc, ay\u0131n personeli uygulamas\u0131 kapsam\u0131nda bu ay\u0131n m\u00fcd\u00fcrleri se\u00e7ilen Kad\u0131n ve Aile Hizmetleri M\u00fcd\u00fcr\u00fc \u00dclker Aksoy ve Su ve Kanalizasyon \u0130\u015fleri M\u00fcd\u00fcr\u00fc G\u00fcrkan Ka\u00e7ar plaket ve hediyelerini Yalova Belediye Ba\u015fkan\u0131 Vefa Salman\u2019\u0131n elinden ald\u0131lar.<\/span> <\/p>\n<p>&nbsp;<\/p>\n","protected":false},"excerpt":{"rendered":"<p>Yalova Belediye Ba\u015fkan\u0131 Vefa Salman, ba\u015fkan yard\u0131mc\u0131lar\u0131, birim m\u00fcd\u00fcrleri ve belediye \u015firketleri y\u00f6neticilerinin kat\u0131ld\u0131\u011f\u0131 toplant\u0131da 30 Mart 2014\u2019te yap\u0131lan yerel<\/p>\n","protected":false},"author":1,"featured_media":4723,"comment_status":"open","ping_status":"open","sticky":false,"template":"","format":"standard","meta":[],"categories":[1],"tags":[],"_links":{"self":[{"href":"http:\/\/www.mertcanpolat.com.tr\/dev\/wp-json\/wp\/v2\/posts\/4722"}],"collection":[{"href":"http:\/\/www.mertcanpolat.com.tr\/dev\/wp-json\/wp\/v2\/posts"}],"about":[{"href":"http:\/\/www.mertcanpolat.com.tr\/dev\/wp-json\/wp\/v2\/types\/post"}],"author":[{"embeddable":true,"href":"http:\/\/www.mertcanpolat.com.tr\/dev\/wp-json\/wp\/v2\/users\/1"}],"replies":[{"embeddable":true,"href":"http:\/\/www.mertcanpolat.com.tr\/dev\/wp-json\/wp\/v2\/comments?post=4722"}],"version-history":[{"count":0,"href":"http:\/\/www.mertcanpolat.com.tr\/dev\/wp-json\/wp\/v2\/posts\/4722\/revisions"}],"wp:featuredmedia":[{"embeddable":true,"href":"http:\/\/www.mertcanpolat.com.tr\/dev\/wp-json\/wp\/v2\/media\/4723"}],"wp:attachment":[{"href":"http:\/\/www.mertcanpolat.com.tr\/dev\/wp-json\/wp\/v2\/media?parent=4722"}],"wp:term":[{"taxonomy":"category","embeddable":true,"href":"http:\/\/www.mertcanpolat.com.tr\/dev\/wp-json\/wp\/v2\/categories?post=4722"},{"taxonomy":"post_tag","embeddable":true,"href":"http:\/\/www.mertcanpolat.com.tr\/dev\/wp-json\/wp\/v2\/tags?post=4722"}],"curies":[{"name":"wp","href":"https:\/\/api.w.org\/{rel}","templated":true}]}}