{"id":4712,"date":"2017-04-28T14:37:00","date_gmt":"2017-04-28T14:37:00","guid":{"rendered":"http:\/\/www.mertcanpolat.com.tr\/dev\/index.php\/2017\/04\/28\/cinayet-gibi-kaza\/"},"modified":"2017-04-28T14:37:00","modified_gmt":"2017-04-28T14:37:00","slug":"cinayet-gibi-kaza","status":"publish","type":"post","link":"http:\/\/www.mertcanpolat.com.tr\/dev\/cinayet-gibi-kaza\/","title":{"rendered":"C\u0130NAYET G\u0130B\u0130 KAZA"},"content":{"rendered":"<p><b>Yalova&#39;da otomobilin \u00e7arpt\u0131\u011f\u0131 gen\u00e7 hayat\u0131n\u0131 kaybetti. Gencin ailesi, gece meydana gelen kazada hayat\u0131n\u0131 kaybeden \u00e7ocuklar\u0131n\u0131n cesedini sabah yol kenar\u0131nda buldu.<\/b>   <\/p>\n<p> <span style=\"font-size:14px;\"> <img alt=\"\" src=\"http:\/\/ajansyalova.com\/Images\/Thumbs\/Editor\/6118-18121580_10211695905380571_561912783816882424_o.jpeg\" style=\"border-width: 2px; border-style: solid; margin: 2px; float: left; width: 600px; height: 338px;\" \/>S\u00fcr\u00fcc\u00fcs\u00fcn\u00fcn kimli\u011fi hen\u00fcz belirlenemeyen 77 DK 857 plakal\u0131 otomobil, gece ge\u00e7 saatlerde Adnan Menderes Mahallesi&#8217;nden Hac\u0131 Mehmet k\u00f6y\u00fc istikametine giderken yaya Osman Yaz\u0131c\u0131&#8217;ya (21) \u00e7arpt\u0131. \u00c7arpman\u0131n etkisiyle yol kenar\u0131ndaki bah\u00e7eye savrulan Yaz\u0131c\u0131, olay yerinde ya\u015fam\u0131n\u0131 yitirdi. S\u00fcr\u00fcc\u00fc ise hasar g\u00f6r\u00fcp ar\u0131zalanan otomobilini olay yerinde b\u0131rak\u0131p ka\u00e7t\u0131.<\/span> <\/p>\n<p> <span style=\"font-size:14px;\">Sabah saatlerinde Yaz\u0131c\u0131 \u00e7ifti, \u00e7ocuklar\u0131n\u0131n cesedini yol kenar\u0131nda buldu. Yaz\u0131c\u0131&#8217;n\u0131n cesedi, Cumhuriyet savc\u0131s\u0131n\u0131n incelemesinin ard\u0131ndan Yalova Devlet Hastanesi morguna g\u00f6nderildi.<\/span> <\/p>\n<p> <span style=\"font-size:14px;\">Baba R\u0131dvan Yaz\u0131c\u0131, gazetecilere yapt\u0131\u011f\u0131 a\u00e7\u0131klamada, gece telefonla konu\u015ftu\u011fu o\u011flunun d\u00fcn 23.00 sular\u0131nda Yalova merkezdeki i\u015finden \u00e7\u0131kt\u0131\u011f\u0131n\u0131 ve eve gelmek \u00fczere oldu\u011funu s\u00f6yledi\u011fini anlatt\u0131.<img alt=\"\" src=\"http:\/\/ajansyalova.com\/Images\/Thumbs\/Editor\/6119-carptigi-genci-araziye-atip-kacti-6-9549540_o.jpeg\" style=\"border-width: 2px; border-style: solid; margin: 2px; float: right; width: 640px; height: 639px;\" \/> <\/span> <\/p>\n<p> <span style=\"font-size:14px;\">O saatten sonra o\u011flundan haber alamad\u0131\u011f\u0131n\u0131 dile getiren Yaz\u0131c\u0131, &#8220;O\u011flum evimizin 700-800 metre ilerisindeki TOK\u0130 konutlar\u0131ndan eve do\u011fru geldi\u011fini s\u00f6ylemi\u015fti. Ama bir t\u00fcrl\u00fc eve gelemedi. Arad\u0131m telefonu cevap vermedi. D\u0131\u015far\u0131 \u00e7\u0131kt\u0131k, ileride hasarl\u0131 bir ara\u00e7 duruyordu. \u00c7evredekilere &#8216;Bu arac\u0131n hali ne?&#8217; diye sordu\u011fumda benimle kavga ettiler. Me\u011fer o\u011fluma \u00e7arpm\u0131\u015flar, s\u00f6ylemiyorlarm\u0131\u015f.&#8221; diye konu\u015ftu.<\/span> <\/p>\n<p> <span style=\"font-size:14px;\">Bunun \u00fczerine gece jandarmaya haber verdiklerini ve ekiplerle arama \u00e7al\u0131\u015fmas\u0131 ba\u015flatt\u0131klar\u0131n\u0131 ancak olumlu sonu\u00e7 elde edemediklerini anlatan baba Yaz\u0131c\u0131, &#8220;Sabah erkenden yine \u00e7ocu\u011fumuzu aramaya \u00e7\u0131kt\u0131k. O\u011flumun cesedini evin yak\u0131n\u0131nda yol kenar\u0131nda bah\u00e7ede otlar\u0131n i\u00e7inde bulduk.&#8221; dedi.<\/span> <\/p>\n<p> <span style=\"font-size:14px;\">Olayla ilgili soru\u015fturma s\u00fcrd\u00fcr\u00fcl\u00fcyor.<\/span> <\/p>\n","protected":false},"excerpt":{"rendered":"<p>Yalova&#39;da otomobilin \u00e7arpt\u0131\u011f\u0131 gen\u00e7 hayat\u0131n\u0131 kaybetti. Gencin ailesi, gece meydana gelen kazada hayat\u0131n\u0131 kaybeden \u00e7ocuklar\u0131n\u0131n cesedini sabah yol kenar\u0131nda buldu.<\/p>\n","protected":false},"author":1,"featured_media":4713,"comment_status":"open","ping_status":"open","sticky":false,"template":"","format":"standard","meta":[],"categories":[1],"tags":[],"_links":{"self":[{"href":"http:\/\/www.mertcanpolat.com.tr\/dev\/wp-json\/wp\/v2\/posts\/4712"}],"collection":[{"href":"http:\/\/www.mertcanpolat.com.tr\/dev\/wp-json\/wp\/v2\/posts"}],"about":[{"href":"http:\/\/www.mertcanpolat.com.tr\/dev\/wp-json\/wp\/v2\/types\/post"}],"author":[{"embeddable":true,"href":"http:\/\/www.mertcanpolat.com.tr\/dev\/wp-json\/wp\/v2\/users\/1"}],"replies":[{"embeddable":true,"href":"http:\/\/www.mertcanpolat.com.tr\/dev\/wp-json\/wp\/v2\/comments?post=4712"}],"version-history":[{"count":0,"href":"http:\/\/www.mertcanpolat.com.tr\/dev\/wp-json\/wp\/v2\/posts\/4712\/revisions"}],"wp:featuredmedia":[{"embeddable":true,"href":"http:\/\/www.mertcanpolat.com.tr\/dev\/wp-json\/wp\/v2\/media\/4713"}],"wp:attachment":[{"href":"http:\/\/www.mertcanpolat.com.tr\/dev\/wp-json\/wp\/v2\/media?parent=4712"}],"wp:term":[{"taxonomy":"category","embeddable":true,"href":"http:\/\/www.mertcanpolat.com.tr\/dev\/wp-json\/wp\/v2\/categories?post=4712"},{"taxonomy":"post_tag","embeddable":true,"href":"http:\/\/www.mertcanpolat.com.tr\/dev\/wp-json\/wp\/v2\/tags?post=4712"}],"curies":[{"name":"wp","href":"https:\/\/api.w.org\/{rel}","templated":true}]}}