{"id":4706,"date":"2017-04-28T17:17:00","date_gmt":"2017-04-28T17:17:00","guid":{"rendered":"http:\/\/www.mertcanpolat.com.tr\/dev\/index.php\/2017\/04\/28\/demirel-turizmi-konustu\/"},"modified":"2017-04-28T17:17:00","modified_gmt":"2017-04-28T17:17:00","slug":"demirel-turizmi-konustu","status":"publish","type":"post","link":"http:\/\/www.mertcanpolat.com.tr\/dev\/demirel-turizmi-konustu\/","title":{"rendered":"DEM\u0130REL, TUR\u0130ZM\u0130 KONU\u015eTU"},"content":{"rendered":"<p><b>Ak Parti Yalova Milletvekili Fikri Demirel, T\u00dcRSAB Yalova Y\u00fcr\u00fctme Kurulu\u2019nu ziyaret etti.<\/b>   <\/p>\n<p> <span style=\"font-size:14px;\">K\u00fclt\u00fcr Turizm \u0130l M\u00fcd\u00fcr\u00fc \u015eeref Tali, T\u00fcrsab Yalova BYK Ba\u015fkan\u0131 Ahmet Ba\u015fol Hara\u00e7 ve y\u00fcr\u00fctme kurulunun yer ald\u0131\u011f\u0131 ziyarette Yalova turizmi ve g\u00fcncel konular g\u00f6r\u00fc\u015f\u00fcld\u00fc. Toplant\u0131da ilin turizm politikalar\u0131, Armutlu, Termal kapl\u0131calar\u0131 ve sa\u011fl\u0131k turizmi, Ortado\u011fu pazar\u0131, il\u00e7elerimizdeki turizm hareketleri ve yeni turizm yat\u0131r\u0131mlar\u0131, Osmangazi K\u00f6pr\u00fcs\u00fc\u2019n\u00fcn, Y\u00fcr\u00fcyen K\u00f6\u015fk ile beraber Yalova tan\u0131t\u0131m\u0131nda \u00f6n plana \u00e7\u0131kar\u0131lmas\u0131, g\u00fcn\u00fcbirlik turizmin geli\u015ftirilmesi ve turizm \u00e7e\u015fitlili\u011fi, turizm enformasyon ofisi yerinin iyile\u015ftirilmesi, K\u00fclt\u00fcr Turizm \u0130l M\u00fcd\u00fcrl\u00fc\u011f\u00fcn\u00fcn yer ihtiyac\u0131, Yalova otob\u00fcs terminalinin daha verimli kullan\u0131lmas\u0131, Yalova&#8217;n\u0131n stratejik tan\u0131t\u0131m program\u0131, 2018 y\u0131l\u0131 takvimi i\u00e7inde dahil olunacak ulusal ve uluslararas\u0131 fuarlar, Yalova Turizm Birli\u011fi (YATUP) \u00e7al\u0131\u015fmalar\u0131na katk\u0131 verilmesi ve birli\u011fin kat\u0131l\u0131mc\u0131 \u00fcye profilinin geni\u015fletilerek birlik \u00e7at\u0131s\u0131 alt\u0131nda &#8216;Yalova Turizmi ve Gelecek Turizm Stratejisi&#8217; \u00fczerinde \u00e7al\u0131\u015fmalar yap\u0131lmas\u0131 konular\u0131 de\u011ferlendirildi.<\/span> <\/p>\n<p>&nbsp;<\/p>\n<p>&nbsp;<\/p>\n","protected":false},"excerpt":{"rendered":"<p>Ak Parti Yalova Milletvekili Fikri Demirel, T\u00dcRSAB Yalova Y\u00fcr\u00fctme Kurulu\u2019nu ziyaret etti. K\u00fclt\u00fcr Turizm \u0130l M\u00fcd\u00fcr\u00fc \u015eeref Tali, T\u00fcrsab Yalova<\/p>\n","protected":false},"author":1,"featured_media":4707,"comment_status":"open","ping_status":"open","sticky":false,"template":"","format":"standard","meta":[],"categories":[1],"tags":[],"_links":{"self":[{"href":"http:\/\/www.mertcanpolat.com.tr\/dev\/wp-json\/wp\/v2\/posts\/4706"}],"collection":[{"href":"http:\/\/www.mertcanpolat.com.tr\/dev\/wp-json\/wp\/v2\/posts"}],"about":[{"href":"http:\/\/www.mertcanpolat.com.tr\/dev\/wp-json\/wp\/v2\/types\/post"}],"author":[{"embeddable":true,"href":"http:\/\/www.mertcanpolat.com.tr\/dev\/wp-json\/wp\/v2\/users\/1"}],"replies":[{"embeddable":true,"href":"http:\/\/www.mertcanpolat.com.tr\/dev\/wp-json\/wp\/v2\/comments?post=4706"}],"version-history":[{"count":0,"href":"http:\/\/www.mertcanpolat.com.tr\/dev\/wp-json\/wp\/v2\/posts\/4706\/revisions"}],"wp:featuredmedia":[{"embeddable":true,"href":"http:\/\/www.mertcanpolat.com.tr\/dev\/wp-json\/wp\/v2\/media\/4707"}],"wp:attachment":[{"href":"http:\/\/www.mertcanpolat.com.tr\/dev\/wp-json\/wp\/v2\/media?parent=4706"}],"wp:term":[{"taxonomy":"category","embeddable":true,"href":"http:\/\/www.mertcanpolat.com.tr\/dev\/wp-json\/wp\/v2\/categories?post=4706"},{"taxonomy":"post_tag","embeddable":true,"href":"http:\/\/www.mertcanpolat.com.tr\/dev\/wp-json\/wp\/v2\/tags?post=4706"}],"curies":[{"name":"wp","href":"https:\/\/api.w.org\/{rel}","templated":true}]}}