{"id":4698,"date":"2017-05-01T13:28:00","date_gmt":"2017-05-01T13:28:00","guid":{"rendered":"http:\/\/www.mertcanpolat.com.tr\/dev\/index.php\/2017\/05\/01\/salmana-veterinerlik-odulu\/"},"modified":"2017-05-01T13:28:00","modified_gmt":"2017-05-01T13:28:00","slug":"salmana-veterinerlik-odulu","status":"publish","type":"post","link":"http:\/\/www.mertcanpolat.com.tr\/dev\/salmana-veterinerlik-odulu\/","title":{"rendered":"SALMAN\u2019A VETER\u0130NERL\u0130K \u00d6D\u00dcL\u00dc"},"content":{"rendered":"<p><b>Yalova Belediye Ba\u015fkan\u0131 Vefa Salman, T\u00fcrk Veteriner Hekimleri Birli\u011fi (TVHB)\u2019nin \u20182017 Y\u0131l\u0131 TVHB Hizmet \u00d6d\u00fcl\u00fc\u2019ne lay\u0131k g\u00f6r\u00fcld\u00fc. Ba\u015fkan Salman \u00f6d\u00fcl\u00fcn\u00fc &#8220;D\u00fcnya Veteriner Hekimler G\u00fcn\u00fc&#8221; dolay\u0131s\u0131yla Ankara&#39;da d\u00fczenlenen etkinlikte CHP Burdur eski Milletvekili Ramazan Kerim \u00d6zkan&#39;\u0131n elinden ald\u0131.<\/b>   <\/p>\n<p> <span style=\"font-size:14px;\">D\u00fcnya Veterinerler G\u00fcn\u00fc dolay\u0131s\u0131yla Ankara\u2019da etkinlikler d\u00fczenlendi. Cumhuriyetimizin kurucusu Mustafa Kemal Atat\u00fcrk\u2019\u00fcn ebedi istirahatgah\u0131 An\u0131tkabir\u2019deki anma t\u00f6reniyle start alan etkinlikler kutlama program\u0131yla devam etti. A\u00e7\u0131l\u0131\u015f konu\u015fmalar\u0131n\u0131n ard\u0131ndan Veteriner Hekimlik Mesle\u011fine b\u00fcy\u00fck katk\u0131lar\u0131 olan ki\u015fileri onurland\u0131rmak ad\u0131na T\u00fcrk Veteriner Hekimleri Birli\u011fi taraf\u0131ndan yap\u0131lan de\u011ferlendirmeler sonucu Onur, Hizmet ve Bas\u0131n \u00f6d\u00fclleri t\u00f6reni d\u00fczenlendi. &nbsp;<\/span> <\/p>\n<p> <span style=\"font-size:14px;\"> <strong>Veteriner Hekim Tek \u0130l Belediye Ba\u015fkan\u0131<img alt=\"\" src=\"http:\/\/ajansyalova.com\/Images\/Thumbs\/Editor\/6129-tvhb3.jpeg\" style=\"border-width: 2px; border-style: solid; margin: 2px; float: right; width: 600px; height: 400px;\" \/> <\/strong> <\/span> <\/p>\n<p> <span style=\"font-size:14px;\">T\u00fcrk Veteriner Hekimleri Birli\u011fi taraf\u0131ndan T\u00fcrkiye&#8217;nin tek Veteriner Hekim \u0130l Belediye Ba\u015fkan\u0131 olan Vefa Salman mesle\u011fe yapm\u0131\u015f oldu\u011fu katk\u0131lardan dolay\u0131 \u20182017 Y\u0131l\u0131 TVHB Hizmet \u00d6d\u00fcl\u00fc\u2019ne lay\u0131k g\u00f6r\u00fcld\u00fc. Ba\u015fkan Salman \u00f6d\u00fcl\u00fcn\u00fc CHP Burdur eski Milletvekili Ramazan Kerim \u00d6zkan&#8217;\u0131n elinden ald\u0131. Ba\u015fkan Salman\u2019\u0131n \u00e7al\u0131\u015fmalar\u0131n\u0131 yak\u0131dan takip etti\u011fini belirten \u00d6zkan, \u00e7al\u0131\u015fmalar\u0131ndan dolay\u0131 Ba\u015fkan Vefa Salman\u2019\u0131 tebrik ederek ba\u015far\u0131lar diledi.<\/span> <\/p>\n<p> <span style=\"font-size:14px;\"> <strong>\u201cSon Ki\u015fi Ben Olmak \u0130stemiyorum\u201d<\/strong> <\/span> <\/p>\n<p> <span style=\"font-size:14px;\">\u00d6d\u00fcl t\u00f6reni sonras\u0131nda k\u0131sa bir te\u015fekk\u00fcr konu\u015fmas\u0131 ger\u00e7ekle\u015ftiren Yalova Belediye Ba\u015fkan\u0131 Vefa Salman \u015funlar\u0131 dile getirdi: \u201cBeni bu \u00f6d\u00fcle lay\u0131k g\u00f6ren ba\u015fta Konsey Ba\u015fkan\u0131m\u0131z olmak \u00fczere di\u011fer katk\u0131 koyan meslekta\u015flar\u0131ma \u00e7ok te\u015fekk\u00fcr ediyorum. Ben bu \u00f6d\u00fcl\u00fc Vefa Salman olarak de\u011fil, siyasette bulunan b\u00fct\u00fcn veteriner hekimler ad\u0131na al\u0131yorum. Ben ilk \u0130l Belediye Ba\u015fkanl\u0131\u011f\u0131na se\u00e7ilmi\u015f Veteriner Hekim Belediye Ba\u015fkan\u0131y\u0131m. Son olan ki\u015fi ben olmak istemiyorum. Daha \u00e7ok meslekta\u015f\u0131m\u0131n siyasette yer almas\u0131n\u0131 arzuluyorum. Bu konuda da \u00fczerime d\u00fc\u015fen g\u00f6revi yerine getirmeye haz\u0131r\u0131m. Siyasi partisi yada g\u00f6r\u00fc\u015f\u00fc hi\u00e7 \u00f6nemli de\u011fil mesle\u011fimiz ad\u0131na, \u00fclkemize hizmet ad\u0131na daha \u00e7ok siyasette olmal\u0131y\u0131z.\u201d<\/span> <\/p>\n<p> <span style=\"font-size:14px;\">Konu\u015fmas\u0131nda meslekta\u015flar\u0131na Yalova hakk\u0131nda da bilgiler veren Ba\u015fkan Salman, T\u00fcrk Veteriner Hekimleri Birli\u011fi Merkez Konseyi Ba\u015fkan\u0131 Talat G\u00f6zet&#8217;e Atat\u00fcrk\u2019\u00fcn Yalova\u2019ya miras\u0131 Y\u00fcr\u00fcyen K\u00f6\u015fk\u2019\u00fcn maketini ve \u2018Yalova Benim Kentim\u2019 kitab\u0131n\u0131 takdim ederek, kendilerini ve t\u00fcm meslekta\u015flar\u0131n\u0131 Yalova\u2019ya davet etti.<\/span> <\/p>\n","protected":false},"excerpt":{"rendered":"<p>Yalova Belediye Ba\u015fkan\u0131 Vefa Salman, T\u00fcrk Veteriner Hekimleri Birli\u011fi (TVHB)\u2019nin \u20182017 Y\u0131l\u0131 TVHB Hizmet \u00d6d\u00fcl\u00fc\u2019ne lay\u0131k g\u00f6r\u00fcld\u00fc. Ba\u015fkan Salman \u00f6d\u00fcl\u00fcn\u00fc<\/p>\n","protected":false},"author":1,"featured_media":4699,"comment_status":"open","ping_status":"open","sticky":false,"template":"","format":"standard","meta":[],"categories":[1],"tags":[],"_links":{"self":[{"href":"http:\/\/www.mertcanpolat.com.tr\/dev\/wp-json\/wp\/v2\/posts\/4698"}],"collection":[{"href":"http:\/\/www.mertcanpolat.com.tr\/dev\/wp-json\/wp\/v2\/posts"}],"about":[{"href":"http:\/\/www.mertcanpolat.com.tr\/dev\/wp-json\/wp\/v2\/types\/post"}],"author":[{"embeddable":true,"href":"http:\/\/www.mertcanpolat.com.tr\/dev\/wp-json\/wp\/v2\/users\/1"}],"replies":[{"embeddable":true,"href":"http:\/\/www.mertcanpolat.com.tr\/dev\/wp-json\/wp\/v2\/comments?post=4698"}],"version-history":[{"count":0,"href":"http:\/\/www.mertcanpolat.com.tr\/dev\/wp-json\/wp\/v2\/posts\/4698\/revisions"}],"wp:featuredmedia":[{"embeddable":true,"href":"http:\/\/www.mertcanpolat.com.tr\/dev\/wp-json\/wp\/v2\/media\/4699"}],"wp:attachment":[{"href":"http:\/\/www.mertcanpolat.com.tr\/dev\/wp-json\/wp\/v2\/media?parent=4698"}],"wp:term":[{"taxonomy":"category","embeddable":true,"href":"http:\/\/www.mertcanpolat.com.tr\/dev\/wp-json\/wp\/v2\/categories?post=4698"},{"taxonomy":"post_tag","embeddable":true,"href":"http:\/\/www.mertcanpolat.com.tr\/dev\/wp-json\/wp\/v2\/tags?post=4698"}],"curies":[{"name":"wp","href":"https:\/\/api.w.org\/{rel}","templated":true}]}}