{"id":4696,"date":"2017-05-01T13:38:00","date_gmt":"2017-05-01T13:38:00","guid":{"rendered":"http:\/\/www.mertcanpolat.com.tr\/dev\/index.php\/2017\/05\/01\/inceden-1-mayis-mesaji\/"},"modified":"2017-05-01T13:38:00","modified_gmt":"2017-05-01T13:38:00","slug":"inceden-1-mayis-mesaji","status":"publish","type":"post","link":"http:\/\/www.mertcanpolat.com.tr\/dev\/inceden-1-mayis-mesaji\/","title":{"rendered":"\u0130NCE\u2019DEN 1 MAYIS MESAJI"},"content":{"rendered":"<p><b>CHP Yalova Milletvekili Muharrem \u0130nce, \u0130\u015f\u00e7i Bayram\u0131 1 May\u0131s nedeniyle yapt\u0131\u011f\u0131 a\u00e7\u0131klamada, \u201cBu y\u0131l 1 May\u0131s, Ola\u011fan\u00fcst\u00fc Hal y\u00f6netimi alt\u0131nda ve 16 Nisan\u2019da ger\u00e7ekle\u015ftirilen ve halk\u0131n \u00f6zg\u00fcr iradesinin gasp edildi\u011fi bir d\u00f6nemde kutlan\u0131yor\u201d dedi.<\/b>   <\/p>\n<p> <span style=\"font-size:14px;\">Yaz\u0131l\u0131 bir a\u00e7\u0131klama yapan \u0130nce, 1 May\u0131s\u2019\u0131n tarihte bask\u0131ya, zulme boyun e\u011fmeyi kabul etmeyenlerin g\u00fcn\u00fc olmas\u0131 nedeniyle bu y\u0131l ki 1 May\u0131s\u2019a \u00f6zel bir anlam y\u00fcklendi\u011fini s\u00f6yledi. 1 May\u0131s\u2019\u0131n ezilenlerin, s\u00f6m\u00fcr\u00fclenlerin hak aray\u0131\u015f\u0131n\u0131, onlar\u0131n m\u00fccadelesini simgeleyen g\u00fcn oldu\u011funa vurgu yapan Muharrem \u0130nce, \u201c\u0130nsanl\u0131\u011f\u0131n tarihinde \u00e7al\u0131\u015fanlar\u0131n, emek\u00e7ilerin ezilmesi, s\u00f6m\u00fcr\u00fclmesi s\u00fcrd\u00fc\u011f\u00fc s\u00fcrece, 1 May\u0131s, her zaman; insanlar\u0131n ezilmesinden, s\u00f6m\u00fcr\u00fclmesinden \u00e7\u0131kar sa\u011flayanlar\u0131n korkulu g\u00fcn\u00fc olmu\u015ftur. Olmaya devam edecektir. O nedenle 1 May\u0131s\u2019\u0131 meydanlarda sokaklarda kutlamak isteyenlere kar\u015f\u0131 bildikleri tek \u015fey olan yasaklamak ve \u015fiddet uygulamaktan geri kalmayacaklard\u0131r\u201d dedi.<\/span> <\/p>\n<p> <span style=\"font-size:14px;\">\u0130nce, s\u00f6zlerine \u015f\u00f6yle devam etti:<\/span> <\/p>\n<p> <span style=\"font-size:14px;\">\u201c\u00c7\u00fcnk\u00fc 1 May\u0131s bu t\u00fcr iktidarlara kar\u015f\u0131 ezilenlerin, s\u00f6m\u00fcr\u00fclenlerin, gelir da\u011f\u0131l\u0131m\u0131ndan e\u015fit pay almayanlar\u0131n, hukuk \u00f6n\u00fcnde e\u015fit olmayanlar\u0131n; f\u0131trat\u0131 gere\u011fi e\u015fit de\u011fildir denilen kad\u0131nlar\u0131m\u0131z; g\u00fcvenli ve g\u00fcvenceli \u00e7al\u0131\u015ft\u0131r\u0131lmayanlar\u0131n, kaderleri i\u015fin f\u0131trat\u0131 olarak g\u00f6r\u00fclenlerin; madenlerde \u00f6ld\u00fcr\u00fcld\u00fcklerinde, g\u00fczel \u00f6ld\u00fcler denilenlerin; \u00f6zg\u00fcrl\u00fckleri k\u0131s\u0131tlananlar\u0131n; fabrikalarda, madenlerde, i\u015f yerlerinde g\u00fcvencesiz ve g\u00fcvenli \u00e7al\u0131\u015fma imk\u00e2n\u0131ndan yoksun b\u0131rak\u0131lanlar\u0131n; i\u015fsiz b\u0131rak\u0131lan gen\u00e7lerimizin; nitelikli e\u011fitimden yoksun kalan \u00e7ocuklar\u0131m\u0131z\u0131n; hak, adalet, karde\u015flik, dayan\u0131\u015fma, hak\u00e7a d\u00fczen, hak\u00e7a payla\u015f\u0131m diyenlerin m\u00fccadele g\u00fcn\u00fcd\u00fcr, bayram\u0131d\u0131r. Ben insan\u0131m, emek\u00e7iyim, \u00fcretenim, ezilenim, s\u00f6m\u00fcr\u00fclenim, gencim, \u00e7ocu\u011fum, kad\u0131n\u0131m diyenlerin m\u00fccadele g\u00fcn\u00fcd\u00fcr, bayram\u0131d\u0131r. 1 May\u0131s bizim g\u00fcn\u00fcm\u00fczd\u00fcr, bayram\u0131m\u0131zd\u0131r\u201d<\/span> <br \/> &nbsp;<\/p>\n","protected":false},"excerpt":{"rendered":"<p>CHP Yalova Milletvekili Muharrem \u0130nce, \u0130\u015f\u00e7i Bayram\u0131 1 May\u0131s nedeniyle yapt\u0131\u011f\u0131 a\u00e7\u0131klamada, \u201cBu y\u0131l 1 May\u0131s, Ola\u011fan\u00fcst\u00fc Hal y\u00f6netimi alt\u0131nda<\/p>\n","protected":false},"author":1,"featured_media":4697,"comment_status":"open","ping_status":"open","sticky":false,"template":"","format":"standard","meta":[],"categories":[1],"tags":[],"_links":{"self":[{"href":"http:\/\/www.mertcanpolat.com.tr\/dev\/wp-json\/wp\/v2\/posts\/4696"}],"collection":[{"href":"http:\/\/www.mertcanpolat.com.tr\/dev\/wp-json\/wp\/v2\/posts"}],"about":[{"href":"http:\/\/www.mertcanpolat.com.tr\/dev\/wp-json\/wp\/v2\/types\/post"}],"author":[{"embeddable":true,"href":"http:\/\/www.mertcanpolat.com.tr\/dev\/wp-json\/wp\/v2\/users\/1"}],"replies":[{"embeddable":true,"href":"http:\/\/www.mertcanpolat.com.tr\/dev\/wp-json\/wp\/v2\/comments?post=4696"}],"version-history":[{"count":0,"href":"http:\/\/www.mertcanpolat.com.tr\/dev\/wp-json\/wp\/v2\/posts\/4696\/revisions"}],"wp:featuredmedia":[{"embeddable":true,"href":"http:\/\/www.mertcanpolat.com.tr\/dev\/wp-json\/wp\/v2\/media\/4697"}],"wp:attachment":[{"href":"http:\/\/www.mertcanpolat.com.tr\/dev\/wp-json\/wp\/v2\/media?parent=4696"}],"wp:term":[{"taxonomy":"category","embeddable":true,"href":"http:\/\/www.mertcanpolat.com.tr\/dev\/wp-json\/wp\/v2\/categories?post=4696"},{"taxonomy":"post_tag","embeddable":true,"href":"http:\/\/www.mertcanpolat.com.tr\/dev\/wp-json\/wp\/v2\/tags?post=4696"}],"curies":[{"name":"wp","href":"https:\/\/api.w.org\/{rel}","templated":true}]}}