{"id":4694,"date":"2017-05-01T14:06:00","date_gmt":"2017-05-01T14:06:00","guid":{"rendered":"http:\/\/www.mertcanpolat.com.tr\/dev\/index.php\/2017\/05\/01\/emekli-maasiyla-ataturk-bustu-yaptirdi\/"},"modified":"2017-05-01T14:06:00","modified_gmt":"2017-05-01T14:06:00","slug":"emekli-maasiyla-ataturk-bustu-yaptirdi","status":"publish","type":"post","link":"http:\/\/www.mertcanpolat.com.tr\/dev\/emekli-maasiyla-ataturk-bustu-yaptirdi\/","title":{"rendered":"EMEKL\u0130 MAA\u015eIYLA ATAT\u00dcRK B\u00dcST\u00dc YAPTIRDI"},"content":{"rendered":"<p><b>Yalova Belediye Ba\u015fkan\u0131 Vefa Salman, y\u0131lba\u015f\u0131 itibariyle emekli olmaya hak kazand\u0131 ve ald\u0131\u011f\u0131 ilk emekli maa\u015f\u0131yla da okul bah\u00e7esinde b\u00fcst\u00fc bulunmayan D\u00fczce\u2019nin G\u00f6lyaka il\u00e7esi, Yunusefendi k\u00f6y\u00fc \u015eehit Tar\u0131k Demircan \u0130lk\/Orta Okuluna Atat\u00fcrk b\u00fcst\u00fc yapt\u0131rd\u0131.<\/b>   <\/p>\n<p> <span style=\"font-size:14px;\">Y\u0131lba\u015f\u0131nda hizmet s\u00fcresini ve primlerini dolduran Yalova Belediye Ba\u015fkan\u0131 Vefa Salman emekli olmaya hak kazand\u0131. Ba\u015fkan Salman ald\u0131\u011f\u0131 ilk emekli maa\u015f\u0131yla da kendisinden daha \u00f6nce talep edilen bir iste\u011fi yerine getirdi. Cumhuriyet Halk Partisi D\u00fczce \u0130l Ba\u015fkan\u0131 arac\u0131l\u0131\u011f\u0131yla Ba\u015fkan Salman\u2019a ula\u015fan \u015eehit Tar\u0131k Demircan \u0130lk\/Orta Okulu y\u00f6neticileri ve \u00f6\u011frencileri kendisinden okul bah\u00e7elerine konmak \u00fczere Atat\u00fcrk b\u00fcst\u00fc istediler. Bu duruma kay\u0131ts\u0131z kalmayan Ba\u015fkan Vefa Salman, ald\u0131\u011f\u0131 ilk emekli maa\u015f\u0131yla okula Atat\u00fcrk b\u00fcst\u00fc yapt\u0131r\u0131p okulun bah\u00e7esinde bulunan \u00e7e\u015fmeleri yeniletti.<\/span> <\/p>\n<p> <strong> <span style=\"font-size:14px;\">\u201cTe\u015fekk\u00fcrler Vefa Ba\u015fkan\u201d<img alt=\"\" src=\"http:\/\/ajansyalova.com\/Images\/Thumbs\/Editor\/6132-dzc6.jpeg\" style=\"border-width: 2px; border-style: solid; margin: 2px; float: right; width: 700px; height: 467px;\" \/> <\/span> <\/strong> <\/p>\n<p> <span style=\"font-size:14px;\">Yalova Belediye Ba\u015fkan\u0131 Vefa Salman \u00f6nceki g\u00fcn D\u00fczce\u2019ye giderek okul bah\u00e7esinde d\u00fczenlenen Atat\u00fcrk b\u00fcst\u00fc a\u00e7\u0131l\u0131\u015f\u0131na kat\u0131ld\u0131. A\u00e7\u0131l\u0131\u015f konu\u015fmas\u0131n\u0131 ger\u00e7ekle\u015ftiren Okul M\u00fcd\u00fcr\u00fc Do\u011fan Y\u0131lmaz, \u201cOkulumuz bah\u00e7esinde Atat\u00fcrk b\u00fcst\u00fc yoktu. Bu konuyu dile getirdik. \u00d6\u011frencilerimizin bu iste\u011fine kay\u0131ts\u0131z kalmayarak bizlerin bu ihtiyac\u0131n\u0131 giderdi\u011finiz i\u00e7in ba\u015fta Yalova Belediye Ba\u015fkan\u0131m\u0131z Vefa Salman olmak \u00fczere eme\u011fi ge\u00e7en herkese \u00e7ok te\u015fekk\u00fcr ediyorum\u201d dedi.<\/span> <\/p>\n<p> <strong> <span style=\"font-size:14px;\">\u201cBir S\u00f6z\u00fcm\u00fczle Eksiklere M\u00fcdahale Etti\u201d<\/span> <\/strong> <\/p>\n<p> <span style=\"font-size:14px;\">Okul M\u00fcd\u00fcr\u00fc Y\u0131lmaz\u2019\u0131n ard\u0131ndan k\u0131sa bir konu\u015fma yapan D\u00fczce Cumhuriyet Halk Partisi \u0130l Ba\u015fkan\u0131 Zekeriya Tozan ise \u015funlar\u0131 dile getirdi: \u201cBu talep bana geldi\u011finde ne yapabiliriz diye d\u00fc\u015f\u00fcnd\u00fcm ve konuyu Yalova Belediye Ba\u015fkan\u0131m\u0131z Vefa Salman\u2019a ilettim. Kendisi hi\u00e7 ikiletmeden ne yap\u0131lmas\u0131 gerekiyorsa yerine getiririz dedi. Kendisine hepinizin huzurunda sizler ad\u0131na \u00e7ok te\u015fekk\u00fcr ediyorum\u201d<\/span> <\/p>\n<p> <strong> <span style=\"font-size:14px;\">\u201cBenim \u0130\u00e7in B\u00fcy\u00fck Onur\u201d&nbsp;<\/span> <\/strong> <\/p>\n<p> <span style=\"font-size:14px;\">Okulda Atat\u00fcrk b\u00fcst\u00fc olmay\u0131\u015f\u0131n\u0131n y\u00fcre\u011fini burktu\u011funu ancak b\u00f6yle bir hizmeti yapma imkan\u0131 i\u00e7in kendisine talepte bulunulmas\u0131ndan dolay\u0131 da \u00e7ok mutlu oldu\u011funu dile getiren Ba\u015fkan Vefa Salman, \u201cTalep gelince y\u00fcre\u011fim c\u0131z etti. B\u00fcy\u00fck bir heyecanla seve seve yerine getirece\u011fimizi s\u00f6yledim. Siyasi s\u00fcre\u00e7 ve hava \u015fartlar\u0131 nedeniyle biraz gecikti. Hem \u00e7ocuklar\u0131m\u0131z i\u00e7in bah\u00e7ede bulunan \u00e7e\u015fmeyi yeniledik hem de okulumuza Atat\u00fcrk b\u00fcst\u00fcn\u00fc yapt\u0131k. Bu beni inan\u0131n sizlerden daha mutlu etti. Y\u0131lba\u015f\u0131nda emekli olmaya hak kazand\u0131m. Ald\u0131\u011f\u0131m ilk emekli maa\u015f\u0131mla da bu b\u00fcst\u00fc yapt\u0131rmak nasip oldu. Bu da beni \u00e7ok gururland\u0131rd\u0131 ve mutlu etti. Bunu kendi cebimden kar\u015f\u0131laman\u0131n \u00f6tesinde emekli paramdan kar\u015f\u0131l\u0131yor olmak al\u0131n teriyle kazan\u0131lan bu parayla bu b\u00fcst\u00fc yapt\u0131rmak, vatan\u0131 kurtaran Gazi Mustafa Kemal Atat\u00fcrk\u2019e ve silah arkada\u015flar\u0131na azda olsa borcumu \u00f6demeye vesile oldu\u011funu d\u00fc\u015f\u00fcn\u00fcyorum. Yalova, Mustafa Kemal Atat\u00fcrk\u2019\u00fcn kentidir. Onun kentinden, D\u00fczce\u2019ye, Yunusefendi\u2019ye, \u015eehidimizin ad\u0131n\u0131 ta\u015f\u0131yan bu okulumuza, \u00f6\u011frencilerimize bir faydam dokunduysa ne mutlu bana. Bu olana\u011f\u0131 da bana sa\u011flad\u0131\u011f\u0131n\u0131z i\u00e7in hepinize de ayr\u0131 ayr\u0131 te\u015fekk\u00fcr ediyorum\u201d dedi.<\/span> <\/p>\n<p> <span style=\"font-size:14px;\">Ba\u015fkan Salman\u2019\u0131n konu\u015fmas\u0131n\u0131n ard\u0131ndan protokol \u00fcyeleri, okul m\u00fcd\u00fcr\u00fc ve \u00f6\u011frencileri temsilen Hasret ve Evren isimli \u00f6\u011frencilerin kat\u0131l\u0131m\u0131yla Atat\u00fcrk b\u00fcst\u00fc ve yenilenen okul \u00e7e\u015fmeleri hizmete a\u00e7\u0131ld\u0131.<\/span> <\/p>\n<p> <strong> <span style=\"font-size:14px;\"> <img alt=\"\" src=\"http:\/\/ajansyalova.com\/Images\/Thumbs\/Editor\/6133-dzc7.jpeg\" style=\"border-width: 2px; border-style: solid; margin: 2px; float: left; width: 600px; height: 400px;\" \/>Atat\u00fcrk B\u00fcstl\u00fc \u0130lk Bayrak T\u00f6reni Yap\u0131ld\u0131<\/span> <\/strong> <\/p>\n<p> <span style=\"font-size:14px;\">Pazartesi ve Cuma g\u00fcnleri okullar\u0131n a\u00e7\u0131l\u0131\u015f\u0131 ve kapan\u0131\u015f\u0131 m\u00fcnasebetiyle yap\u0131lan bayrak t\u00f6reni Yunusefendi k\u00f6y\u00fc \u015eehit Tar\u0131k Demircan \u0130lk\/Orta Okulunda ilk kez Atat\u00fcrk b\u00fcst\u00fc ile yap\u0131ld\u0131. \u00d6\u011frenciler hep bir a\u011f\u0131zdan istiklal mar\u015f\u0131n\u0131 s\u00f6yleyerek, \u015fanl\u0131 T\u00fcrk Bayra\u011f\u0131n\u0131 g\u00f6ndere \u00e7ektiler.<\/span> <\/p>\n<p> <strong> <span style=\"font-size:14px;\">Te\u015fekk\u00fcrler Vefa Amca<\/span> <\/strong> <\/p>\n<p> <span style=\"font-size:14px;\">Bayrak t\u00f6reni sonras\u0131nda arkada\u015flar\u0131yla birlikte Atat\u00fcrk b\u00fcst\u00fc yan\u0131na gelen Okul Ba\u015fkan\u0131 Devran Horus; \u201cOkulumuzda y\u0131llard\u0131r b\u00fcst yoktu bizlere bu imkan\u0131, bu hizmeti sunan Yalova Belediye Ba\u015fkan\u0131 Vefa amcam\u0131za \u00e7ok te\u015fekk\u00fcr ediyoruz\u201d dedi.<\/span> <\/p>\n<p>&nbsp;<\/p>\n","protected":false},"excerpt":{"rendered":"<p>Yalova Belediye Ba\u015fkan\u0131 Vefa Salman, y\u0131lba\u015f\u0131 itibariyle emekli olmaya hak kazand\u0131 ve ald\u0131\u011f\u0131 ilk emekli maa\u015f\u0131yla da okul bah\u00e7esinde b\u00fcst\u00fc<\/p>\n","protected":false},"author":1,"featured_media":4695,"comment_status":"open","ping_status":"open","sticky":false,"template":"","format":"standard","meta":[],"categories":[1],"tags":[],"_links":{"self":[{"href":"http:\/\/www.mertcanpolat.com.tr\/dev\/wp-json\/wp\/v2\/posts\/4694"}],"collection":[{"href":"http:\/\/www.mertcanpolat.com.tr\/dev\/wp-json\/wp\/v2\/posts"}],"about":[{"href":"http:\/\/www.mertcanpolat.com.tr\/dev\/wp-json\/wp\/v2\/types\/post"}],"author":[{"embeddable":true,"href":"http:\/\/www.mertcanpolat.com.tr\/dev\/wp-json\/wp\/v2\/users\/1"}],"replies":[{"embeddable":true,"href":"http:\/\/www.mertcanpolat.com.tr\/dev\/wp-json\/wp\/v2\/comments?post=4694"}],"version-history":[{"count":0,"href":"http:\/\/www.mertcanpolat.com.tr\/dev\/wp-json\/wp\/v2\/posts\/4694\/revisions"}],"wp:featuredmedia":[{"embeddable":true,"href":"http:\/\/www.mertcanpolat.com.tr\/dev\/wp-json\/wp\/v2\/media\/4695"}],"wp:attachment":[{"href":"http:\/\/www.mertcanpolat.com.tr\/dev\/wp-json\/wp\/v2\/media?parent=4694"}],"wp:term":[{"taxonomy":"category","embeddable":true,"href":"http:\/\/www.mertcanpolat.com.tr\/dev\/wp-json\/wp\/v2\/categories?post=4694"},{"taxonomy":"post_tag","embeddable":true,"href":"http:\/\/www.mertcanpolat.com.tr\/dev\/wp-json\/wp\/v2\/tags?post=4694"}],"curies":[{"name":"wp","href":"https:\/\/api.w.org\/{rel}","templated":true}]}}