{"id":4692,"date":"2017-05-01T14:42:00","date_gmt":"2017-05-01T14:42:00","guid":{"rendered":"http:\/\/www.mertcanpolat.com.tr\/dev\/index.php\/2017\/05\/01\/lafla-peynir-gemisi-yurumez\/"},"modified":"2017-05-01T14:42:00","modified_gmt":"2017-05-01T14:42:00","slug":"lafla-peynir-gemisi-yurumez","status":"publish","type":"post","link":"http:\/\/www.mertcanpolat.com.tr\/dev\/lafla-peynir-gemisi-yurumez\/","title":{"rendered":"LAFLA PEYN\u0130R GEM\u0130S\u0130 Y\u00dcR\u00dcMEZ"},"content":{"rendered":"<p><b>Cumhuriyet Halk Partisi \u00c7iftlikk\u00f6y Gen\u00e7lik Kolu Ba\u015fkan\u0131 Sava\u015f Ka\u015f\u0131k\u00e7\u0131 yapt\u0131\u011f\u0131 a\u00e7\u0131klamayla \u00c7iftlikk\u00f6y Belediyesi ve Belediye Ba\u015fkan\u0131 Ali Murat Silpagar\u2019\u0131 adeta topa tuttu.<\/b>   <\/p>\n<p> <span style=\"font-size:14px;\">Yapt\u0131\u011f\u0131 a\u00e7\u0131klamada Ali Murat Silpagar\u2019\u0131n g\u00f6rev s\u00fcresinin 3 y\u0131l\u0131n\u0131n ge\u00e7ti\u011fini belirten Ka\u015f\u0131k\u00e7\u0131, ge\u00e7en bu s\u00fcre zarf\u0131nda hi\u00e7bir \u00c7iftlikk\u00f6y\u2019l\u00fc hem\u015ferimizin g\u00f6zle g\u00f6r\u00fcl\u00fcr elle tutulur bir \u015feye rastlamad\u0131\u011f\u0131n\u0131 belirtti. \u00c7iftlikk\u00f6y sokaklar\u0131n\u0131n adeta bir sava\u015f alan\u0131n\u0131 and\u0131rd\u0131\u011f\u0131na da de\u011finen Ka\u015f\u0131k\u00e7\u0131, eskiden gen\u00e7 arkada\u015flar\u0131m\u0131z\u0131n, karde\u015flerimizin rahat\u00e7a dola\u015ft\u0131\u011f\u0131 o temiz sokaklardan, caddelerden art\u0131k eser kalmad\u0131\u011f\u0131n\u0131 s\u00f6yledi.<\/span> <\/p>\n<p> <span style=\"font-size:14px;\"> <strong>\u00c7iftlikk\u00f6y Gen\u00e7ler \u0130\u00e7in Art\u0131k Umut Vaad Etmiyor<\/strong> <\/span> <\/p>\n<p> <span style=\"font-size:14px;\">Akp h\u00fck\u00fcmeti ile beraber \u00fclke genelinde i\u015fsizlik oranlar\u0131n\u0131n her ge\u00e7en g\u00fcn daha da fazla artt\u0131\u011f\u0131n\u0131 dile getiren Ka\u015f\u0131k\u00e7\u0131, gen\u00e7 n\u00fcfusta (15-24 ya\u015f) i\u015fsizlik oran\u0131n\u0131n %25 oldu\u011funu ve \u00fclke genelindeki bu vahim tablonun yans\u0131malar\u0131n\u0131n da \u00c7iftlikk\u00f6y il\u00e7esinde g\u00f6r\u00fcld\u00fc\u011f\u00fcn\u00fc s\u00f6yledi. 30 Mart 2014 yerel se\u00e7imleri sonras\u0131nda g\u00f6reve gelen Akp\u2019li \u00c7iftlikk\u00f6y Belediyesinin g\u00f6rev s\u00fcresinin \u00fczerinden 3 y\u0131l ge\u00e7mi\u015f ve il\u00e7e genelinde harcanan gereksiz onca paraya ra\u011fmen gen\u00e7 arkada\u015flar\u0131m\u0131z\u0131n gelece\u011fine y\u00f6nelik hi\u00e7bir faaliyette bulunulmam\u0131\u015f, bununla birlikte halk\u0131m\u0131z i\u00e7inden \u00e7\u0131k\u0131lamaz bir durumla kar\u015f\u0131 kar\u015f\u0131ya b\u0131rak\u0131lm\u0131\u015f ve \u00c7iftlikk\u00f6y gen\u00e7ler i\u00e7in umut vaad etmeyen bir il\u00e7e konumuna gelmi\u015ftir. \u00c7iftlikk\u00f6y Belediye Ba\u015fkan\u0131\u2019na seslenen Ka\u015f\u0131k\u00e7\u0131,3 y\u0131l \u00f6nce belediyeyi bor\u00e7suz ve kasas\u0131nda 5 Milyon Tl gibi bir parayla devralan y\u00f6netimin nas\u0131l olur da \u00c7iftlikk\u00f6y gibi gelece\u011fi parlak olan bir il\u00e7eyi geriye g\u00f6t\u00fcrebildiklerini t\u00fcm \u00c7iftlikk\u00f6y halk\u0131na a\u00e7\u0131klamas\u0131n\u0131 istedi.<\/span> <\/p>\n<p> <span style=\"font-size:14px;\">Belediyenin harcad\u0131\u011f\u0131 her kuru\u015f parada \u00c7iftlikk\u00f6y\u2019l\u00fcn\u00fcn al\u0131n terinin, eme\u011finin oldu\u011funu belirten Ka\u015f\u0131k\u00e7\u0131, bo\u015fa harcanan her paran\u0131n halk\u0131n cebinden \u00e7\u0131kt\u0131\u011f\u0131n\u0131n unutulmamas\u0131n\u0131 istedi. Fatih Sultan Mehmet\u2019in \u0130stanbul\u2019da gemileri karadan y\u00fcr\u00fctt\u00fc\u011f\u00fcne de\u011finen Ka\u015f\u0131k\u00e7\u0131, Akp y\u00f6netimindeki \u00c7iftlikk\u00f6y belediyesinin de lafla peynir gemisi y\u00fcr\u00fctmeye \u00e7al\u0131\u015ft\u0131\u011f\u0131n\u0131 s\u00f6yledi. \u201cAncak lafla da peynir gemisinin y\u00fcr\u00fcmeyece\u011fi bilinmelidir\u201d diyerek s\u00f6zlerine devam etti. \u00c7iftlikk\u00f6y\u2019\u00fc y\u00f6netmenin sadece a\u00e7\u0131l\u0131\u015flara kat\u0131l\u0131p g\u00f6steri\u015f yapmak ve billboard s\u00fcslemekten ibaret olmad\u0131\u011f\u0131na da de\u011finen Ka\u015f\u0131k\u00e7\u0131, halk\u0131n hizmet bekledi\u011fini s\u00f6yledi.<\/span> <\/p>\n<p> <span style=\"font-size:14px;\"> <strong>Kazanan Halk Olacak <\/strong> <\/span> <\/p>\n<p> <span style=\"font-size:14px;\">\u00c7iftlikk\u00f6y\u2019\u00fcn i\u00e7inde bulundu\u011fu durumdan gencinden ya\u015fl\u0131s\u0131na kadar herkesin rahats\u0131z ve \u015fik\u00e2yet\u00e7i oldu\u011funu belirten Ka\u015f\u0131k\u00e7\u0131, hedeflerinin \u00f6n\u00fcm\u00fczdeki yerel se\u00e7imlerde \u00c7iftlikk\u00f6y\u2019de Cumhuriyet Halk Partisini zirveye ta\u015f\u0131yarak s\u00f6z\u00fcn, karar\u0131n, yetkinin halkta oldu\u011fu kazanan\u0131n daima halk olaca\u011f\u0131 ya\u015fanabilir bir \u00c7iftlikk\u00f6y yaratmak oldu\u011funu a\u00e7\u0131klad\u0131.<\/span> <\/p>\n<p>&nbsp;<\/p>\n<p>&nbsp;<\/p>\n","protected":false},"excerpt":{"rendered":"<p>Cumhuriyet Halk Partisi \u00c7iftlikk\u00f6y Gen\u00e7lik Kolu Ba\u015fkan\u0131 Sava\u015f Ka\u015f\u0131k\u00e7\u0131 yapt\u0131\u011f\u0131 a\u00e7\u0131klamayla \u00c7iftlikk\u00f6y Belediyesi ve Belediye Ba\u015fkan\u0131 Ali Murat Silpagar\u2019\u0131 adeta<\/p>\n","protected":false},"author":1,"featured_media":4693,"comment_status":"open","ping_status":"open","sticky":false,"template":"","format":"standard","meta":[],"categories":[1],"tags":[],"_links":{"self":[{"href":"http:\/\/www.mertcanpolat.com.tr\/dev\/wp-json\/wp\/v2\/posts\/4692"}],"collection":[{"href":"http:\/\/www.mertcanpolat.com.tr\/dev\/wp-json\/wp\/v2\/posts"}],"about":[{"href":"http:\/\/www.mertcanpolat.com.tr\/dev\/wp-json\/wp\/v2\/types\/post"}],"author":[{"embeddable":true,"href":"http:\/\/www.mertcanpolat.com.tr\/dev\/wp-json\/wp\/v2\/users\/1"}],"replies":[{"embeddable":true,"href":"http:\/\/www.mertcanpolat.com.tr\/dev\/wp-json\/wp\/v2\/comments?post=4692"}],"version-history":[{"count":0,"href":"http:\/\/www.mertcanpolat.com.tr\/dev\/wp-json\/wp\/v2\/posts\/4692\/revisions"}],"wp:featuredmedia":[{"embeddable":true,"href":"http:\/\/www.mertcanpolat.com.tr\/dev\/wp-json\/wp\/v2\/media\/4693"}],"wp:attachment":[{"href":"http:\/\/www.mertcanpolat.com.tr\/dev\/wp-json\/wp\/v2\/media?parent=4692"}],"wp:term":[{"taxonomy":"category","embeddable":true,"href":"http:\/\/www.mertcanpolat.com.tr\/dev\/wp-json\/wp\/v2\/categories?post=4692"},{"taxonomy":"post_tag","embeddable":true,"href":"http:\/\/www.mertcanpolat.com.tr\/dev\/wp-json\/wp\/v2\/tags?post=4692"}],"curies":[{"name":"wp","href":"https:\/\/api.w.org\/{rel}","templated":true}]}}