{"id":4690,"date":"2017-05-01T14:59:00","date_gmt":"2017-05-01T14:59:00","guid":{"rendered":"http:\/\/www.mertcanpolat.com.tr\/dev\/index.php\/2017\/05\/01\/yalovaspor-tesislerinde-yangin\/"},"modified":"2017-05-01T14:59:00","modified_gmt":"2017-05-01T14:59:00","slug":"yalovaspor-tesislerinde-yangin","status":"publish","type":"post","link":"http:\/\/www.mertcanpolat.com.tr\/dev\/yalovaspor-tesislerinde-yangin\/","title":{"rendered":"YALOVASPOR TES\u0130SLER\u0130NDE YANGIN"},"content":{"rendered":"<p><b>Yalovaspor Tesisleri&#39;nnin futbolcu yatakhanesi b\u00f6l\u00fcm\u00fcnde belirlenemeyen nedenle yang\u0131n \u00e7\u0131kt\u0131. Yalova \u0130tfaiyesi&#39;nin m\u00fcdahalesi sonras\u0131 s\u00f6nd\u00fcr\u00fclen yang\u0131ndan etkilenen kaleci Kadir Akt\u00fcrk, Yalova Devlet Hastanesi&#39;nde m\u00fc\u015fahade alt\u0131na al\u0131nd\u0131.<\/b>   <\/p>\n<p> <span style=\"font-size:14px;\"> <img alt=\"\" src=\"http:\/\/ajansyalova.com\/Images\/Thumbs\/Editor\/6136-yalovaspor-tesislerinde-korkutan-yangin-9563445_o.jpeg\" style=\"border-width: 2px; border-style: solid; margin: 2px; float: left; width: 600px; height: 398px;\" \/>B\u00f6lgesel Amat\u00f6r Lig&#8217;de (BAL) m\u00fccadele eden Yalavospor&#8217;un, Bah\u00e7elievler Mahallesi&#8217;ndeki tesisleri i\u00e7erisinde futbolcular\u0131n kald\u0131\u011f\u0131 binan\u0131n ikinci kat\u0131ndaki yatakhane k\u0131sm\u0131nda d\u00fcn gece saat 23.30 s\u0131ralar\u0131nda belirlenemeyen bir nedenle yang\u0131n \u00e7\u0131kt\u0131. Kaleci Kadir Akt\u00fcrk&#8217;\u00fcn kald\u0131\u011f\u0131 odada \u00e7\u0131kan yang\u0131n k\u0131sa s\u00fcrede b\u00fcy\u00fcd\u00fc. Odadaki s\u0131cakl\u0131ktan dolay\u0131 uyand\u0131\u011f\u0131 \u00f6\u011frenilen Akt\u00fcrk, kendi imkanlar\u0131yla d\u0131\u015far\u0131 \u00e7\u0131kt\u0131. Yang\u0131na Yalova \u0130tfaiyesi ekipleri m\u00fcdahale etti\u011fi yang\u0131n 1.5 saatlik \u00e7aba ile s\u00f6nd\u00fcr\u00fcld\u00fc.<\/span> <\/p>\n<p> <span style=\"font-size:14px;\">Dumandan etkilenen kaleci Kadir Akt\u00fcrk, ambulans ile Yalova Devlet Hastanesi&#8217;nde bir s\u00fcre m\u00fc\u015fahede alt\u0131na tutulduktan sonra taburcu edildi. Yang\u0131n\u0131n ard\u0131ndan g\u00f6r\u00fcnt\u00fclenen tesislerde ise baz\u0131 sporcu odalar\u0131 kullan\u0131lamaz hale geldi. Soru\u015fturma s\u00fcrd\u00fcr\u00fcl\u00fcyor.<\/span> <\/p>\n","protected":false},"excerpt":{"rendered":"<p>Yalovaspor Tesisleri&#39;nnin futbolcu yatakhanesi b\u00f6l\u00fcm\u00fcnde belirlenemeyen nedenle yang\u0131n \u00e7\u0131kt\u0131. Yalova \u0130tfaiyesi&#39;nin m\u00fcdahalesi sonras\u0131 s\u00f6nd\u00fcr\u00fclen yang\u0131ndan etkilenen kaleci Kadir Akt\u00fcrk, Yalova<\/p>\n","protected":false},"author":1,"featured_media":4691,"comment_status":"open","ping_status":"open","sticky":false,"template":"","format":"standard","meta":[],"categories":[1],"tags":[],"_links":{"self":[{"href":"http:\/\/www.mertcanpolat.com.tr\/dev\/wp-json\/wp\/v2\/posts\/4690"}],"collection":[{"href":"http:\/\/www.mertcanpolat.com.tr\/dev\/wp-json\/wp\/v2\/posts"}],"about":[{"href":"http:\/\/www.mertcanpolat.com.tr\/dev\/wp-json\/wp\/v2\/types\/post"}],"author":[{"embeddable":true,"href":"http:\/\/www.mertcanpolat.com.tr\/dev\/wp-json\/wp\/v2\/users\/1"}],"replies":[{"embeddable":true,"href":"http:\/\/www.mertcanpolat.com.tr\/dev\/wp-json\/wp\/v2\/comments?post=4690"}],"version-history":[{"count":0,"href":"http:\/\/www.mertcanpolat.com.tr\/dev\/wp-json\/wp\/v2\/posts\/4690\/revisions"}],"wp:featuredmedia":[{"embeddable":true,"href":"http:\/\/www.mertcanpolat.com.tr\/dev\/wp-json\/wp\/v2\/media\/4691"}],"wp:attachment":[{"href":"http:\/\/www.mertcanpolat.com.tr\/dev\/wp-json\/wp\/v2\/media?parent=4690"}],"wp:term":[{"taxonomy":"category","embeddable":true,"href":"http:\/\/www.mertcanpolat.com.tr\/dev\/wp-json\/wp\/v2\/categories?post=4690"},{"taxonomy":"post_tag","embeddable":true,"href":"http:\/\/www.mertcanpolat.com.tr\/dev\/wp-json\/wp\/v2\/tags?post=4690"}],"curies":[{"name":"wp","href":"https:\/\/api.w.org\/{rel}","templated":true}]}}