{"id":4686,"date":"2017-05-01T15:56:00","date_gmt":"2017-05-01T15:56:00","guid":{"rendered":"http:\/\/www.mertcanpolat.com.tr\/dev\/index.php\/2017\/05\/01\/kocadere-sehitleri-anildi\/"},"modified":"2017-05-01T15:56:00","modified_gmt":"2017-05-01T15:56:00","slug":"kocadere-sehitleri-anildi","status":"publish","type":"post","link":"http:\/\/www.mertcanpolat.com.tr\/dev\/kocadere-sehitleri-anildi\/","title":{"rendered":"KOCADERE \u015eEH\u0130TLER\u0130 ANILDI"},"content":{"rendered":"<p><b>\u00c7\u0131narc\u0131k\u2019a ba\u011fl\u0131 Kocadere K\u00f6y\u00fc\u2019nde 96 y\u0131l \u00f6nce Rum \u00e7eteler taraf\u0131ndan katledilen \u015fehitlerimiz d\u00fczenlenen t\u00f6renle an\u0131ld\u0131. <\/b>   <\/p>\n<p> <span style=\"font-size:14px;\"> <img alt=\"\" src=\"http:\/\/ajansyalova.com\/Images\/Thumbs\/Editor\/6139-kocadereanma.jpeg\" style=\"border-width: 2px; border-style: solid; margin: 2px; float: right; width: 850px; height: 567px;\" \/>Rum \u00e7etelerce kad\u0131n erkek 830 ki\u015finin camilere doldurularak yak\u0131ld\u0131\u011f\u0131 vah\u015fetin 96&#8217;nci y\u0131l\u0131 dolay\u0131s\u0131yla d\u00fczenlenen anma t\u00f6reninde protokol mensuplar\u0131 tam kadro haz\u0131r bulundu. Kocadere \u0130lk\u00f6\u011fretim Okulu \u00f6n\u00fcnden ba\u015flayan kortej, \u015fehitli\u011fe kadar y\u00fcr\u00fcd\u00fc. An\u0131ta \u00e7elenk konulurken \u00c7\u0131narc\u0131k Kaymakam\u0131 Abdullah \u00c7ift\u00e7i \u201c830 kad\u0131n, \u00e7ocuk, ya\u015fl\u0131 masum insan\u0131m\u0131z\u0131n \u015fahadetini bir kez daha hat\u0131rl\u0131yoruz. Bu masum insanlar \u015fahadetleri ile bu topraklar\u0131 bize vatan ettiler. \u015eahadet y\u00fcce bir makamd\u0131r. Bu 830 insan\u0131m\u0131z \u015fehitlik mertebesini se\u00e7tiler ve ebedile\u015ftiler. Bu millet, vatan s\u00f6z konusu oldu mu gerisi teferruatt\u0131r demesini her zaman bilmi\u015ftir. \u00c7anakkale\u2019de, Trabrusgap&#8217;da, Gali\u00e7ya\u2019da, G\u00fcneydo\u011fu\u2019da, en son 15 Temmuz&#8217;da bunu bir kez daha ortaya koymu\u015ftur. Ben Suru\u00e7 Kaymakl\u0131\u011f\u0131nda g\u00f6rev yapt\u0131\u011f\u0131mda, Kobani&#8217;de 400 bin insan ya\u015f\u0131yordu. Bin 500 DEA\u015e&#8217;li ter\u00f6rist sald\u0131rm\u0131\u015ft\u0131. 400 binlik \u015fehir,&nbsp; bin 500 kar\u015f\u0131s\u0131nda ka\u00e7\u0131yordu. Bunlar bu ter\u00f6ristleri t\u00fck\u00fcr\u00fckle bo\u011far ama neden ka\u00e7\u0131yor dedik. Bu insanlar geldikten sonra \u015funu anlad\u0131k, e\u011fer vatan, millet, bayrak duygusu yok edilirse o memleketin yok edilmesi \u00e7ok kolayd\u0131r. O gelenlerin i\u00e7inde bir ki\u015fi evimin \u00f6n\u00fcnde n\u00f6bet tutarken DEA\u015e\u2019tan ka\u00e7arak silah\u0131 ile s\u0131n\u0131ra gelmi\u015f. Jandarma soruyor ailen derede diye, orda kald\u0131 diyor. Gerisini siz d\u00fc\u015f\u00fcn\u00fcn. Bu millet bunu asla yapmad\u0131, yapmayacak da. Biz bug\u00fcne kadar oldu\u011fu gibi bundan sonra da \u015fehitlerimizin kanlar\u0131yla sulanan bu topraklar\u0131 korumaya devam edece\u011fiz. Bunun i\u00e7in birlik ve beraberli\u011fimizi hi\u00e7 bozmayacak, bir birimize s\u0131k\u0131 s\u0131k\u0131ya sar\u0131laca\u011f\u0131z&#8221; diye konu\u015ftu.<\/span> <\/p>\n<p> <span style=\"font-size:14px;\">Anma program\u0131na Yalova Vali Vekili Mehmet Kalyoncu, Yalova Garnizon Komutan\u0131 ve Karam\u00fcrselbey E\u011fitim Merkezi Komutan\u0131 Deniz Kurmay Albay Ayhan Gedik, Ak Parti Milletvekili Fikri Demirel, \u00c7\u0131narc\u0131k Kaymakam\u0131 Abdullah \u00c7ift\u00e7i, Yalova Jandarma Komutan\u0131 Alb. Osman Ye\u015fil\u00f6z, Yalova Belediye Ba\u015fkan\u0131 Yard\u0131mc\u0131s\u0131 Halit G\u00fcle\u00e7, \u00c7\u0131narc\u0131k Belediye Ba\u015fkan\u0131 Avni Kurt ile vatanda\u015flar kat\u0131ld\u0131.<\/span> <\/p>\n","protected":false},"excerpt":{"rendered":"<p>\u00c7\u0131narc\u0131k\u2019a ba\u011fl\u0131 Kocadere K\u00f6y\u00fc\u2019nde 96 y\u0131l \u00f6nce Rum \u00e7eteler taraf\u0131ndan katledilen \u015fehitlerimiz d\u00fczenlenen t\u00f6renle an\u0131ld\u0131. Rum \u00e7etelerce kad\u0131n erkek 830<\/p>\n","protected":false},"author":1,"featured_media":4687,"comment_status":"open","ping_status":"open","sticky":false,"template":"","format":"standard","meta":[],"categories":[1],"tags":[],"_links":{"self":[{"href":"http:\/\/www.mertcanpolat.com.tr\/dev\/wp-json\/wp\/v2\/posts\/4686"}],"collection":[{"href":"http:\/\/www.mertcanpolat.com.tr\/dev\/wp-json\/wp\/v2\/posts"}],"about":[{"href":"http:\/\/www.mertcanpolat.com.tr\/dev\/wp-json\/wp\/v2\/types\/post"}],"author":[{"embeddable":true,"href":"http:\/\/www.mertcanpolat.com.tr\/dev\/wp-json\/wp\/v2\/users\/1"}],"replies":[{"embeddable":true,"href":"http:\/\/www.mertcanpolat.com.tr\/dev\/wp-json\/wp\/v2\/comments?post=4686"}],"version-history":[{"count":0,"href":"http:\/\/www.mertcanpolat.com.tr\/dev\/wp-json\/wp\/v2\/posts\/4686\/revisions"}],"wp:featuredmedia":[{"embeddable":true,"href":"http:\/\/www.mertcanpolat.com.tr\/dev\/wp-json\/wp\/v2\/media\/4687"}],"wp:attachment":[{"href":"http:\/\/www.mertcanpolat.com.tr\/dev\/wp-json\/wp\/v2\/media?parent=4686"}],"wp:term":[{"taxonomy":"category","embeddable":true,"href":"http:\/\/www.mertcanpolat.com.tr\/dev\/wp-json\/wp\/v2\/categories?post=4686"},{"taxonomy":"post_tag","embeddable":true,"href":"http:\/\/www.mertcanpolat.com.tr\/dev\/wp-json\/wp\/v2\/tags?post=4686"}],"curies":[{"name":"wp","href":"https:\/\/api.w.org\/{rel}","templated":true}]}}