{"id":4684,"date":"2017-05-01T18:11:00","date_gmt":"2017-05-01T18:11:00","guid":{"rendered":"http:\/\/www.mertcanpolat.com.tr\/dev\/index.php\/2017\/05\/01\/ahmet-isvani-kaybettik\/"},"modified":"2017-05-01T18:11:00","modified_gmt":"2017-05-01T18:11:00","slug":"ahmet-isvani-kaybettik","status":"publish","type":"post","link":"http:\/\/www.mertcanpolat.com.tr\/dev\/ahmet-isvani-kaybettik\/","title":{"rendered":"AHMET \u0130SVAN\u2019I KAYBETT\u0130K"},"content":{"rendered":"<p><b>\u0130stanbul eski Belediye Ba\u015fkan\u0131 94 ya\u015f\u0131ndaki Ahmet \u0130svan, tedavi g\u00f6rd\u00fc\u011f\u00fc \u0130stanbul&#39;daki \u00f6zel bir hastanede bu sabah ya\u015fam\u0131n\u0131 yitirdi. \u0130svan&#39;\u0131n 4 y\u0131l \u00f6nce ya\u015fam\u0131n\u0131 yitiren e\u015fi Cumhuriyet Reha \u0130svan&#39;\u0131n Yalova&#39;n\u0131n \u00c7iftlikk\u00f6y \u0130l\u00e7esi Ta\u015fk\u00f6pr\u00fc Beldesi&#39;ndeki mezar\u0131n\u0131n yan\u0131nda Per\u015fembe g\u00fcn\u00fc topra\u011fa verilecek. <\/b>   <\/p>\n<p> <img alt=\"\" src=\"http:\/\/ajansyalova.com\/Images\/Thumbs\/Editor\/6141-3.jpeg\" style=\"border-width: 2px; border-style: solid; margin: 2px; float: left; width: 400px; height: 267px;\" \/>\u0130stanbul&#8217;da 1973-1977 y\u0131llar\u0131 aras\u0131nda belediye ba\u015fkanl\u0131\u011f\u0131 yapan Ahmet \u0130svan, bir s\u00fcredir tedavi g\u00f6rd\u00fc\u011f\u00fc \u0130stanbul Maslak Ac\u0131badem Hastanesi&#8217;nde ya\u015fam\u0131n\u0131 yitirdi. \u0130svan&#8217;\u0131n 4 May\u0131s Per\u015fembe g\u00fcn\u00fc \u0130stanbul Te\u015fvikiye Camii&#8217;ndeki cenaze t\u00f6reninin ard\u0131ndan, 9 May\u0131s 2013&#8217;te ya\u015fam\u0131n\u0131 yitiren e\u015fi Cumhuriyet Reha \u0130svan&#8217;\u0131n Yalova&#8217;n\u0131n \u00c7iftlikk\u00f6y \u0130l\u00e7esi&#8217;ne ba\u011fl\u0131 Ta\u015fk\u00f6pr\u00fc Beldesi&#8217;ndeki mezar\u0131n\u0131n yan\u0131nda topra\u011fa verilece\u011fi bildirildi.<\/p>\n<p>KILI\u00c7DARO\u011eLU, Z\u0130YARET ETM\u0130\u015eT\u0130<img alt=\"\" src=\"http:\/\/ajansyalova.com\/Images\/Thumbs\/Editor\/6142-artist_94554.jpeg\" style=\"border-width: 2px; border-style: solid; margin: 2px; float: right; width: 614px; height: 307px;\" \/> <\/p>\n<p>CHP Genel Ba\u015fkan\u0131 Kemal K\u0131l\u0131\u00e7daro\u011flu, 28 Mart 2016&#8217;da Muharrem \u0130nce&#8217;nin babas\u0131n\u0131n cenaze t\u00f6renine kat\u0131ld\u0131ktan sonra Ahmet \u0130svan&#8217;\u0131 \u00c7iftlikk\u00f6y \u0130l\u00e7esi Ta\u015fk\u00f6pr\u00fc Beldesi&#8217;ndeki evinde ziyaret ederek bir s\u00fcre g\u00f6r\u00fc\u015fm\u00fc\u015ft\u00fc. Ziyarete baz\u0131 CHP milletvekilleri ve Yalova Belediye Ba\u015fkan\u0131 CHP&#8217;li Vefa Salman da kat\u0131lm\u0131\u015ft\u0131.<\/p>\n<p>\u0130svan&#8217;a 26 Ocak&#8217;ta da \u0130stanbul Beylikd\u00fcz\u00fc CHP il\u00e7e te\u015fkilat\u0131 &#8216;Vefa&#8217; \u00f6d\u00fcl\u00fc vermi\u015fti. Ahmet \u0130svan&#8217;\u0131 evinde ziyaret eden Gen\u00e7lik ve Spordan Sorumlu eski Bakan Fikret \u00dcnl\u00fc, Cumhuriyet Halk Partisi \u0130stanbul Milletvekili S\u00fcleyman \u00c7elebi, Yalova Belediye Ba\u015fkan\u0131 Vefa Salman ve Ta\u015fk\u00f6pr\u00fc Belediye Ba\u015fkan\u0131 Nedret G\u00fclen te\u015fkilat\u0131n \u00f6d\u00fcl\u00fcn\u00fc kendisine takdim etmi\u015fti.<\/p>\n<p> <img alt=\"\" src=\"http:\/\/ajansyalova.com\/Images\/Thumbs\/Editor\/6143-ahmet-isvan_-379321.jpeg\" style=\"border-width: 2px; border-style: solid; margin: 2px; float: left; width: 650px; height: 350px;\" \/>AHMET \u0130SVAN<\/p>\n<p>Ahmet \u0130svan, Robert Kolej&#8217;i bitirdikten sonra ABD&#8217;de tar\u0131m ve meyvecilik \u00f6\u011frenimi g\u00f6rm\u00fc\u015f, T\u00fcrkiye&#8217;ye d\u00f6n\u00fc\u015f\u00fcnden sonra Yalova&#8217;ya yerle\u015ferek burada uzun y\u0131llar tar\u0131m ara\u015ft\u0131rmalar\u0131 yapm\u0131\u015ft\u0131. Uzun y\u0131llar CHP te\u015fkilat\u0131nda hizmet veren \u0130svan, CHP aday\u0131 olarak kat\u0131ld\u0131\u011f\u0131 1973 se\u00e7imlerinde belediye ba\u015fkan\u0131 se\u00e7ilmi\u015fti. 1977 y\u0131l\u0131nda f\u0131r\u0131nc\u0131lar\u0131n fiyat tekelini k\u0131rmak halka ucuz, sa\u011fl\u0131kl\u0131 ekmek sa\u011flamak amac\u0131yla halk ekmek fabrikas\u0131n\u0131 da kuran \u0130svan, 1977&#8217;ye kadar bu g\u00f6revde kalm\u0131\u015ft\u0131.<\/p>\n<p>12 Eyl\u00fcl d\u00f6neminde, 1 May\u0131s 1977 g\u00fcn\u00fc Taksim alan\u0131nda patlak veren olaylara ad\u0131 kar\u0131\u015ft\u0131\u011f\u0131 sav\u0131yla s\u0131k\u0131y\u00f6netim mahkemesindeki D\u0130SK davas\u0131nda da yarg\u0131lanan \u0130svan, Kas\u0131m 1980&#8217;den Ocak 1983&#8217;e kadar yakla\u015f\u0131k 27 ay hapiste kald\u0131, yarg\u0131lama sonucu akland\u0131.<\/p>\n<p>Daha sonra Sosyaldemokrat Halk\u00e7\u0131 Parti&#8217;de (SHP) parti meclisi \u00fcyeli\u011finde bulunan \u0130svan&#8217;\u0131n e\u015fi Cumhuriyet Reha \u0130svan, 8 May\u0131s 2013 y\u0131l\u0131nda ya\u015fam\u0131n\u0131 yitirmi\u015fti.<\/p>\n","protected":false},"excerpt":{"rendered":"<p>\u0130stanbul eski Belediye Ba\u015fkan\u0131 94 ya\u015f\u0131ndaki Ahmet \u0130svan, tedavi g\u00f6rd\u00fc\u011f\u00fc \u0130stanbul&#39;daki \u00f6zel bir hastanede bu sabah ya\u015fam\u0131n\u0131 yitirdi. \u0130svan&#39;\u0131n 4<\/p>\n","protected":false},"author":1,"featured_media":4685,"comment_status":"open","ping_status":"open","sticky":false,"template":"","format":"standard","meta":[],"categories":[1],"tags":[],"_links":{"self":[{"href":"http:\/\/www.mertcanpolat.com.tr\/dev\/wp-json\/wp\/v2\/posts\/4684"}],"collection":[{"href":"http:\/\/www.mertcanpolat.com.tr\/dev\/wp-json\/wp\/v2\/posts"}],"about":[{"href":"http:\/\/www.mertcanpolat.com.tr\/dev\/wp-json\/wp\/v2\/types\/post"}],"author":[{"embeddable":true,"href":"http:\/\/www.mertcanpolat.com.tr\/dev\/wp-json\/wp\/v2\/users\/1"}],"replies":[{"embeddable":true,"href":"http:\/\/www.mertcanpolat.com.tr\/dev\/wp-json\/wp\/v2\/comments?post=4684"}],"version-history":[{"count":0,"href":"http:\/\/www.mertcanpolat.com.tr\/dev\/wp-json\/wp\/v2\/posts\/4684\/revisions"}],"wp:featuredmedia":[{"embeddable":true,"href":"http:\/\/www.mertcanpolat.com.tr\/dev\/wp-json\/wp\/v2\/media\/4685"}],"wp:attachment":[{"href":"http:\/\/www.mertcanpolat.com.tr\/dev\/wp-json\/wp\/v2\/media?parent=4684"}],"wp:term":[{"taxonomy":"category","embeddable":true,"href":"http:\/\/www.mertcanpolat.com.tr\/dev\/wp-json\/wp\/v2\/categories?post=4684"},{"taxonomy":"post_tag","embeddable":true,"href":"http:\/\/www.mertcanpolat.com.tr\/dev\/wp-json\/wp\/v2\/tags?post=4684"}],"curies":[{"name":"wp","href":"https:\/\/api.w.org\/{rel}","templated":true}]}}