{"id":4680,"date":"2017-05-02T14:48:00","date_gmt":"2017-05-02T14:48:00","guid":{"rendered":"http:\/\/www.mertcanpolat.com.tr\/dev\/index.php\/2017\/05\/02\/ince-yakinda-konusacagim\/"},"modified":"2017-05-02T14:48:00","modified_gmt":"2017-05-02T14:48:00","slug":"ince-yakinda-konusacagim","status":"publish","type":"post","link":"http:\/\/www.mertcanpolat.com.tr\/dev\/ince-yakinda-konusacagim\/","title":{"rendered":"\u0130NCE: YAKINDA KONU\u015eACA\u011eIM"},"content":{"rendered":"<p><b>CHP Yalova Milletvekili Muharrem \u0130nce, partisindeki ola\u011fan\u00fcst\u00fc kurultay tart\u0131\u015fmalar\u0131na ili\u015fkin, &#8220;Arkada\u015flar\u0131m\u0131z kas\u0131m ay\u0131nda ola\u011fan kurultay planl\u0131yorlarsa bu teknik olarak, hukuken m\u00fcmk\u00fcn de\u011fildir. Ama ben onlara bir yol g\u00f6stereyim; hemen ola\u011fan\u00fcst\u00fc kurultay\u0131 toplayabilirler.&#8221; dedi.<\/b>   <\/p>\n<p> <span style=\"font-size:14px;\">\u0130nce, TBMM&#8217;de gazetecilerin CHP kurultay\u0131na ili\u015fkin sorular\u0131n\u0131 yan\u0131tlad\u0131.<\/span> <\/p>\n<p> <span style=\"font-size:14px;\">Partisinin ola\u011fan kurultay\u0131n\u0131n \u00f6ne \u00e7ekilerek kas\u0131m ay\u0131nda yap\u0131lmas\u0131n\u0131n teknik olarak m\u00fcmk\u00fcn olmad\u0131\u011f\u0131n\u0131 savunan \u0130nce, &#8220;Bu partiyi tart\u0131\u015fmaya a\u00e7ar. \u0130ki y\u0131l dolmadan ola\u011fan kurultay yap\u0131lamaz. 16 Ocak 2018&#8217;den \u00f6nce ola\u011fan kurultay yap\u0131lmas\u0131 m\u00fcmk\u00fcn de\u011fildir. Partiyi tart\u0131\u015ft\u0131r\u0131r\u0131z. Mahkemelere gider. Allah korusun, parti kayyuma gider.&#8221; de\u011ferlendirmesinde bulundu. \u0130nce s\u00f6zlerini \u015f\u00f6yle s\u00fcrd\u00fcrd\u00fc:<\/span> <\/p>\n<p> <span style=\"font-size:14px;\">&#8220;E\u011fer arkada\u015flar\u0131m\u0131z kas\u0131m ay\u0131nda ola\u011fan kurultay planl\u0131yorlarsa bu teknik olarak, hukuken m\u00fcmk\u00fcn de\u011fildir. Ama ben onlara bir yol g\u00f6stereyim; hemen ola\u011fan\u00fcst\u00fc kurultay\u0131 toplayabilirler. Yapmal\u0131lar m\u0131 derseniz; Say\u0131n Genel Ba\u015fkan yaparsa bu \u00e7ok \u015f\u0131k olur. Madem kas\u0131mda ola\u011fan kurultay planlan\u0131yor ve bu hukuken m\u00fcmk\u00fcn olmad\u0131\u011f\u0131na g\u00f6re, Say\u0131n Genel Ba\u015fkan kendisi ola\u011fan\u00fcst\u00fc kurultay\u0131 haziranda toplarsa \u00e7ok \u015f\u0131k olur. Hi\u00e7 tart\u0131\u015fma olmaz. Kim genel ba\u015fkan se\u00e7ilirse hepimiz onun yan\u0131nda, arkas\u0131nda dururuz. \u00d6nce 26&#8217;y\u0131 b\u00fct\u00fcnle\u015ftirip, sonra 49&#8217;u sar\u0131p sarmalamak i\u00e7in elimizden geleni yapar\u0131z.&#8221;<\/span> <\/p>\n<p> <strong> <span style=\"font-size:14px;\">\u201cBu a\u015famada imza toplamay\u0131 do\u011fru bulmuyorum&#8221;<\/span> <\/strong> <\/p>\n<p> <span style=\"font-size:14px;\">\u0130nce, ola\u011fan\u00fcst\u00fc kurultay talebiyle imza toplamay\u0131 d\u00fc\u015f\u00fcn\u00fcp d\u00fc\u015f\u00fcnmedi\u011fi sorusuna da bu a\u015famada imza toplamay\u0131 do\u011fru bulmad\u0131\u011f\u0131n\u0131, bunun partiyi tart\u0131\u015fmaya a\u00e7aca\u011f\u0131n\u0131 s\u00f6yledi.<\/span> <\/p>\n<p> <strong> <span style=\"font-size:14px;\">\u0130kinci bir Ekmeleddin vakas\u0131 ya\u015famak istemiyor&#8221;<\/span> <\/strong> <\/p>\n<p> <span style=\"font-size:14px;\">Bir ba\u015fka soruyu yan\u0131tlarken de \u0130nce, CHP Genel Ba\u015fkan\u0131&#8217;n\u0131n 2019 y\u0131l\u0131nda cumhurba\u015fkan\u0131 aday\u0131 da olaca\u011f\u0131 y\u00f6n\u00fcndeki de\u011ferlendirmelerle ilgili ise bunu \u015fimdiden konu\u015fmay\u0131 \u015f\u0131k bulmad\u0131\u011f\u0131n\u0131 kaydetti.<\/span> <\/p>\n<p> <span style=\"font-size:14px;\">CHP Antalya Milletvekili Deniz Baykal&#8217;\u0131n buna ili\u015fkin s\u00f6zlerinin hat\u0131rlat\u0131ld\u0131\u011f\u0131 \u0130nce, herkesin kendi g\u00f6r\u00fc\u015flerini ortaya koydu\u011funu vurgulad\u0131.<\/span> <\/p>\n<p> <span style=\"font-size:14px;\">CHP&#8217;de de\u011fi\u015fim talepleri oldu\u011funun ifade edilmesi \u00fczerine, sokakta da partide de de\u011fi\u015fim r\u00fczgarlar\u0131 esti\u011fini ve bunun herkes taraf\u0131ndan g\u00f6r\u00fcld\u00fc\u011f\u00fcn\u00fc d\u00fc\u015f\u00fcnd\u00fc\u011f\u00fcn\u00fc aktaran \u0130nce, bunu bas\u0131n\u0131n \u00f6n\u00fcnde de\u011fil kurultayda tart\u0131\u015fmay\u0131 tercih edece\u011fini s\u00f6yledi.<\/span> <\/p>\n<p> <span style=\"font-size:14px;\">Baykal&#8217;\u0131n 11. Cumhurba\u015fkan\u0131 Abdullah G\u00fcl&#8217;le ilgili s\u00f6zlerine ili\u015fkin de &#8220;\u0130kinci bir Ekmeleddin vakas\u0131 ya\u015famak istemiyor. Konu\u015facaklar\u0131m var ama \u015fimdilik bu kadar yeter. \u0130kinci bir Ekmeleddin vakas\u0131na kan\u0131m\u0131n son damlas\u0131na kadar m\u00fccadele edece\u011fim.&#8221; dedi.<\/span> <\/p>\n","protected":false},"excerpt":{"rendered":"<p>CHP Yalova Milletvekili Muharrem \u0130nce, partisindeki ola\u011fan\u00fcst\u00fc kurultay tart\u0131\u015fmalar\u0131na ili\u015fkin, &#8220;Arkada\u015flar\u0131m\u0131z kas\u0131m ay\u0131nda ola\u011fan kurultay planl\u0131yorlarsa bu teknik olarak, hukuken<\/p>\n","protected":false},"author":1,"featured_media":4681,"comment_status":"open","ping_status":"open","sticky":false,"template":"","format":"standard","meta":[],"categories":[1],"tags":[],"_links":{"self":[{"href":"http:\/\/www.mertcanpolat.com.tr\/dev\/wp-json\/wp\/v2\/posts\/4680"}],"collection":[{"href":"http:\/\/www.mertcanpolat.com.tr\/dev\/wp-json\/wp\/v2\/posts"}],"about":[{"href":"http:\/\/www.mertcanpolat.com.tr\/dev\/wp-json\/wp\/v2\/types\/post"}],"author":[{"embeddable":true,"href":"http:\/\/www.mertcanpolat.com.tr\/dev\/wp-json\/wp\/v2\/users\/1"}],"replies":[{"embeddable":true,"href":"http:\/\/www.mertcanpolat.com.tr\/dev\/wp-json\/wp\/v2\/comments?post=4680"}],"version-history":[{"count":0,"href":"http:\/\/www.mertcanpolat.com.tr\/dev\/wp-json\/wp\/v2\/posts\/4680\/revisions"}],"wp:featuredmedia":[{"embeddable":true,"href":"http:\/\/www.mertcanpolat.com.tr\/dev\/wp-json\/wp\/v2\/media\/4681"}],"wp:attachment":[{"href":"http:\/\/www.mertcanpolat.com.tr\/dev\/wp-json\/wp\/v2\/media?parent=4680"}],"wp:term":[{"taxonomy":"category","embeddable":true,"href":"http:\/\/www.mertcanpolat.com.tr\/dev\/wp-json\/wp\/v2\/categories?post=4680"},{"taxonomy":"post_tag","embeddable":true,"href":"http:\/\/www.mertcanpolat.com.tr\/dev\/wp-json\/wp\/v2\/tags?post=4680"}],"curies":[{"name":"wp","href":"https:\/\/api.w.org\/{rel}","templated":true}]}}