{"id":4678,"date":"2017-05-02T18:14:00","date_gmt":"2017-05-02T18:14:00","guid":{"rendered":"http:\/\/www.mertcanpolat.com.tr\/dev\/index.php\/2017\/05\/02\/koylere-55-milyon\/"},"modified":"2017-05-02T18:14:00","modified_gmt":"2017-05-02T18:14:00","slug":"koylere-55-milyon","status":"publish","type":"post","link":"http:\/\/www.mertcanpolat.com.tr\/dev\/koylere-55-milyon\/","title":{"rendered":"K\u00d6YLERE 5,5 M\u0130LYON"},"content":{"rendered":"<p><b>Yalova \u0130l Genel Meclisi Ba\u015fkan\u0131 Ya\u015far Demirel, 2017 y\u0131l\u0131 sonuna kadar k\u00f6ylere 5 milyon 502 bin 899 TL&#39;lik yat\u0131r\u0131m yap\u0131laca\u011f\u0131n\u0131 s\u00f6yledi.<\/b>   <\/p>\n<p> <span style=\"font-size:14px;\">\u0130l \u00d6zel \u0130daresi taraf\u0131ndan yap\u0131lan yat\u0131r\u0131mlarla k\u00f6yler h\u0131zla modernle\u015fiyor. K\u00d6YDES&#8217;e bu y\u0131l ayr\u0131lan \u00f6denek miktar\u0131 artt\u0131. 2017 y\u0131l\u0131 yat\u0131r\u0131mlar\u0131yla ilgili bilgi veren \u0130l Genel Meclisi Ba\u015fkan\u0131 Ya\u015far Demirel, &#8220;K\u00f6ylerimizin eksiklerini tespit ettik. Muhtarlarla g\u00f6r\u00fc\u015fmeler yaparak yap\u0131lmas\u0131 istenen yat\u0131r\u0131mlar ve \u00f6ncelik s\u0131ralamalar\u0131 belirleniyor. Bu y\u0131l \u00f6deneklerde ciddi art\u0131\u015f var. Bu da dolay\u0131s\u0131yla yat\u0131r\u0131mlarda art\u0131\u015fa neden olacak. Bu y\u0131l 2016 y\u0131l\u0131na oranla yat\u0131r\u0131mlarda y\u00fczde 85&#8217;lik bir art\u0131\u015f ya\u015fanacak. Bu y\u0131l 5 milyon 502 bin 899 TL&#8217;lik yat\u0131r\u0131m yapaca\u011f\u0131z. Toplam \u00f6dene\u011fin y\u00fczde 20&#8217;si yani 1 milyon 100 bin 480 TL&#8217;si ortak al\u0131m \u00f6dene\u011fi olarak ayr\u0131ld\u0131. Bu pay Merkez K\u00f6ylere Hizmet G\u00f6t\u00fcrme Birli\u011fi taraf\u0131ndan il genelinde ortak yol \u00e7al\u0131\u015fmalar\u0131nda kullan\u0131lacak. Bu kapsamda 31 projede toplamda 112 bin metre kare parke yol yapaca\u011f\u0131z. Bunun i\u00e7in 2 milyon 809 bin 475 TL bir \u00f6denek ayr\u0131ld\u0131. 7 projede 6.7 kilometre ise asfaltlama \u00e7al\u0131\u015fmas\u0131 ger\u00e7ekle\u015ftirece\u011fiz. Bunun i\u00e7in 1 milyon 072 bin 944 TL ayr\u0131lacak. \u0130\u00e7me sular\u0131 i\u00e7in 8 projeye 450 bin, at\u0131k su kanalizasyon i\u00e7in yap\u0131lacak 2 projeye ise 70 bin TL pay ay\u0131rd\u0131k. 2017 y\u0131l\u0131 sonuna kadar 48 proje hayata ge\u00e7irilecek&#8221; dedi.<\/span> <\/p>\n<p> <span style=\"font-size:14px;\">Yalova \u0130l Genel Meclisi Ba\u015fkan\u0131 Ya\u015far Demirel yat\u0131r\u0131mlarda ve yat\u0131r\u0131ma ayr\u0131lan \u00f6denekte ya\u015fanana art\u0131\u015f\u0131n temelinde Yalova Valisi Tu\u011fba Y\u0131lmaz ve AK Parti Yalova Milletvekili Fikri Demirel&#8217;in Ankara&#8217;daki temaslar\u0131n\u0131n oldu\u011funu dile getirerek, &#8220;K\u00f6ylerimize yat\u0131r\u0131mlar\u0131n artmas\u0131n\u0131n temelinde Yalova Valisi Tu\u011fba Y\u0131lmaz&#8217;\u0131n destekleri, Yalova Milletvekilimiz Fikri Demirel&#8217;in Ankara&#8217;da her an yan\u0131m\u0131zda bize destek vermesinin \u00f6nemi b\u00fcy\u00fck. O nedenle t\u00fcm halk\u0131m\u0131z ad\u0131na onlara te\u015fekk\u00fcr ediyorum. Ayr\u0131ca ortaya koyduklar\u0131 uyumlu \u00e7al\u0131\u015fmadan dolay\u0131 da \u0130l Genel Meclisi \u00fcyelerimizi y\u00fcrekte kutluyorum&#8221; diye konu\u015ftu.<\/span> <\/p>\n","protected":false},"excerpt":{"rendered":"<p>Yalova \u0130l Genel Meclisi Ba\u015fkan\u0131 Ya\u015far Demirel, 2017 y\u0131l\u0131 sonuna kadar k\u00f6ylere 5 milyon 502 bin 899 TL&#39;lik yat\u0131r\u0131m yap\u0131laca\u011f\u0131n\u0131<\/p>\n","protected":false},"author":1,"featured_media":4679,"comment_status":"open","ping_status":"open","sticky":false,"template":"","format":"standard","meta":[],"categories":[1],"tags":[],"_links":{"self":[{"href":"http:\/\/www.mertcanpolat.com.tr\/dev\/wp-json\/wp\/v2\/posts\/4678"}],"collection":[{"href":"http:\/\/www.mertcanpolat.com.tr\/dev\/wp-json\/wp\/v2\/posts"}],"about":[{"href":"http:\/\/www.mertcanpolat.com.tr\/dev\/wp-json\/wp\/v2\/types\/post"}],"author":[{"embeddable":true,"href":"http:\/\/www.mertcanpolat.com.tr\/dev\/wp-json\/wp\/v2\/users\/1"}],"replies":[{"embeddable":true,"href":"http:\/\/www.mertcanpolat.com.tr\/dev\/wp-json\/wp\/v2\/comments?post=4678"}],"version-history":[{"count":0,"href":"http:\/\/www.mertcanpolat.com.tr\/dev\/wp-json\/wp\/v2\/posts\/4678\/revisions"}],"wp:featuredmedia":[{"embeddable":true,"href":"http:\/\/www.mertcanpolat.com.tr\/dev\/wp-json\/wp\/v2\/media\/4679"}],"wp:attachment":[{"href":"http:\/\/www.mertcanpolat.com.tr\/dev\/wp-json\/wp\/v2\/media?parent=4678"}],"wp:term":[{"taxonomy":"category","embeddable":true,"href":"http:\/\/www.mertcanpolat.com.tr\/dev\/wp-json\/wp\/v2\/categories?post=4678"},{"taxonomy":"post_tag","embeddable":true,"href":"http:\/\/www.mertcanpolat.com.tr\/dev\/wp-json\/wp\/v2\/tags?post=4678"}],"curies":[{"name":"wp","href":"https:\/\/api.w.org\/{rel}","templated":true}]}}