{"id":4676,"date":"2017-05-03T15:35:00","date_gmt":"2017-05-03T15:35:00","guid":{"rendered":"http:\/\/www.mertcanpolat.com.tr\/dev\/index.php\/2017\/05\/03\/hidrellez-6-mayista-kutlanacak\/"},"modified":"2017-05-03T15:35:00","modified_gmt":"2017-05-03T15:35:00","slug":"hidrellez-6-mayista-kutlanacak","status":"publish","type":"post","link":"http:\/\/www.mertcanpolat.com.tr\/dev\/hidrellez-6-mayista-kutlanacak\/","title":{"rendered":"HIDRELLEZ 6 MAYIS\u2019TA KUTLANACAK"},"content":{"rendered":"<p><b>Yalova\u2019da H\u0131drellez Bayram\u0131, 6 May\u0131s tarihinde Suba\u015f\u0131\u2019nda yap\u0131lacak etkinlikle kutlanacak.<\/b>   <\/p>\n<p> <span style=\"font-size:14px;\">Bahar\u0131n geli\u015fini m\u00fcjdeleyen H\u0131drellez Bayram\u0131, 6 May\u0131s tarihinde Suba\u015f\u0131 \u0130lkokulu arka bah\u00e7esinde d\u00fczenlenecek etkinlikle kutlanacak. Yalova K\u00fclt\u00fcr ve Turizm M\u00fcd\u00fcr\u00fc \u015eeref Tali, Suba\u015f\u0131 Belediyesi ve Suba\u015f\u0131 S\u00f6zl\u00fc Tarih Grubu\u2019nun i\u015fbirli\u011fiyle d\u00fczenlenecek etkinli\u011fe t\u00fcm vatanda\u015flar\u0131 davet etti.<\/span> <\/p>\n<p> <span style=\"font-size:14px;\">Tali, yapt\u0131\u011f\u0131 a\u00e7\u0131klamada, H\u0131drellez\u2019in T\u00fcrk \u0130slam co\u011frafyas\u0131nda bilinen en eski&nbsp; mevsimlik bayramlardan birisi oldu\u011funa vurgu yapt\u0131. Tali, \u201cH\u0131z\u0131r g\u00fcn\u00fc olarak adland\u0131r\u0131lan H\u0131drellez G\u00fcn\u00fc, H\u0131z\u0131r ve \u0130lyas Peygamber\u2019in yery\u00fcz\u00fcnde bulu\u015ftuklar\u0131 g\u00fcn olarak kutlanmaktad\u0131r. \u00dclkemizde H\u0131drellez Bayram\u0131 y\u0131llardan beri 6 May\u0131s tarihinde kutlan\u0131r. Farkl\u0131 zamanlarda, farkl\u0131 isimler alt\u0131nda kutlansa da H\u0131drellez motiflerine pek \u00e7ok yerde rastlamak m\u00fcmk\u00fcn olmaktad\u0131r. Bayram gelenekleri T\u00fcrk topluluklar\u0131nda birbirinden \u00e7ok az farkl\u0131l\u0131klarla, g\u00fcn\u00fcm\u00fcz T\u00fcrk d\u00fcnyas\u0131na bir k\u00fclt\u00fcr miras\u0131 olarak intikal etmi\u015ftir.&nbsp; Bahar\u0131n geli\u015fi ve do\u011fan\u0131n canlanmas\u0131 insanlar taraf\u0131ndan bayramlarla kutlanmas\u0131 gereken bir durum olarak alg\u0131lanm\u0131\u015ft\u0131r. B\u00f6ylece bir bahar bayram\u0131 olan H\u0131drellez evrensel bir nitelik kazanm\u0131\u015ft\u0131r\u201d dedi.<\/span> <\/p>\n<p>&nbsp;<\/p>\n","protected":false},"excerpt":{"rendered":"<p>Yalova\u2019da H\u0131drellez Bayram\u0131, 6 May\u0131s tarihinde Suba\u015f\u0131\u2019nda yap\u0131lacak etkinlikle kutlanacak. Bahar\u0131n geli\u015fini m\u00fcjdeleyen H\u0131drellez Bayram\u0131, 6 May\u0131s tarihinde Suba\u015f\u0131 \u0130lkokulu<\/p>\n","protected":false},"author":1,"featured_media":4677,"comment_status":"open","ping_status":"open","sticky":false,"template":"","format":"standard","meta":[],"categories":[1],"tags":[],"_links":{"self":[{"href":"http:\/\/www.mertcanpolat.com.tr\/dev\/wp-json\/wp\/v2\/posts\/4676"}],"collection":[{"href":"http:\/\/www.mertcanpolat.com.tr\/dev\/wp-json\/wp\/v2\/posts"}],"about":[{"href":"http:\/\/www.mertcanpolat.com.tr\/dev\/wp-json\/wp\/v2\/types\/post"}],"author":[{"embeddable":true,"href":"http:\/\/www.mertcanpolat.com.tr\/dev\/wp-json\/wp\/v2\/users\/1"}],"replies":[{"embeddable":true,"href":"http:\/\/www.mertcanpolat.com.tr\/dev\/wp-json\/wp\/v2\/comments?post=4676"}],"version-history":[{"count":0,"href":"http:\/\/www.mertcanpolat.com.tr\/dev\/wp-json\/wp\/v2\/posts\/4676\/revisions"}],"wp:featuredmedia":[{"embeddable":true,"href":"http:\/\/www.mertcanpolat.com.tr\/dev\/wp-json\/wp\/v2\/media\/4677"}],"wp:attachment":[{"href":"http:\/\/www.mertcanpolat.com.tr\/dev\/wp-json\/wp\/v2\/media?parent=4676"}],"wp:term":[{"taxonomy":"category","embeddable":true,"href":"http:\/\/www.mertcanpolat.com.tr\/dev\/wp-json\/wp\/v2\/categories?post=4676"},{"taxonomy":"post_tag","embeddable":true,"href":"http:\/\/www.mertcanpolat.com.tr\/dev\/wp-json\/wp\/v2\/tags?post=4676"}],"curies":[{"name":"wp","href":"https:\/\/api.w.org\/{rel}","templated":true}]}}