{"id":4674,"date":"2017-05-03T15:43:00","date_gmt":"2017-05-03T15:43:00","guid":{"rendered":"http:\/\/www.mertcanpolat.com.tr\/dev\/index.php\/2017\/05\/03\/cinarcikta-yaz-hazirligi\/"},"modified":"2017-05-03T15:43:00","modified_gmt":"2017-05-03T15:43:00","slug":"cinarcikta-yaz-hazirligi","status":"publish","type":"post","link":"http:\/\/www.mertcanpolat.com.tr\/dev\/cinarcikta-yaz-hazirligi\/","title":{"rendered":"\u00c7INARCIK&#39;TA YAZ HAZIRLI\u011eI"},"content":{"rendered":"<p><b>Yalova\u2019da yaz turizminin \u00f6nemli merkezi \u00c7\u0131narc\u0131k\u2019ta yakla\u015fan yaz sezonu \u00f6ncesinde Belediye Ba\u015fkan\u0131 Avni Kurt, zab\u0131ta personeliyle de\u011ferlendirme toplant\u0131s\u0131 yapt\u0131.<\/b>   <\/p>\n<p> <span style=\"font-size:14px;\"> <img alt=\"\" src=\"http:\/\/ajansyalova.com\/Images\/Thumbs\/Editor\/6149-avnikurtzabitatoplanti.jpeg\" style=\"border-width: 2px; border-style: solid; margin: 2px; float: left; width: 600px; height: 432px;\" \/>\u00c7\u0131narc\u0131k Belediye Meclis Salonu\u2019nda yap\u0131lan toplant\u0131ya Belediye Ba\u015fkan\u0131 Avni Kurt, Zab\u0131ta Amiri Ahmet U\u00e7ak ve zab\u0131ta personeli kat\u0131ld\u0131. Ba\u015fkan Kurt, toplant\u0131da yakla\u015fan yaz sezonu \u00f6ncesinde yap\u0131lacak haz\u0131rl\u0131klar hakk\u0131nda personelle de\u011ferlendirmelerde bulundu. \u0130l\u00e7enin yaz aylar\u0131nda \u00e7ok yo\u011fun bir n\u00fcfus art\u0131\u015f\u0131yla kar\u015f\u0131 kar\u015f\u0131ya kalaca\u011f\u0131n\u0131 belirten Kurt, \u201cHem il\u00e7ede kal\u0131c\u0131 olarak ya\u015fayan halk\u0131m\u0131z\u0131n hem de misafirlerimizin rahat ve huzurlu bir \u015fekilde tatillerini ge\u00e7irmeleri a\u00e7\u0131s\u0131ndan belediyemize b\u00fcy\u00fck bir i\u015f d\u00fc\u015f\u00fcyor. En \u00f6nemli g\u00f6rev de halkla birebir ileti\u015fim halinde olan zab\u0131ta birimimize ait\u201d dedi.<\/span> <\/p>\n<p> <span style=\"font-size:14px;\">Ayr\u0131ca Ramazan ay\u0131n\u0131n da yakla\u015ft\u0131\u011f\u0131na vurgu yapan Ba\u015fkan Kurt, al\u0131nacak \u00f6nlemler ve zab\u0131ta personelinin g\u00f6revleri hakk\u0131nda hat\u0131rlatmalarda bulundu. Avni Kurt, \u201cBug\u00fcne kadarki \u00f6zverili \u00e7al\u0131\u015fmalar\u0131n\u0131zdan dolay\u0131 t\u00fcm zab\u0131ta arkada\u015flar\u0131m\u0131 kutluyorum. Zab\u0131ta g\u00f6revlisi arkada\u015flar\u0131m\u0131, gece g\u00fcnd\u00fcz demeden \u00f6zveri i\u00e7erisinde \u00e7al\u0131\u015farak takdir toplamas\u0131n\u0131 can\u0131 g\u00f6n\u00fclden kutluyorum. Yaz sezonunda da verimli \u00e7al\u0131\u015fman\u0131n temel kural\u0131n\u0131n koordinasyon oldu\u011funu ve gerekli \u00f6zveri ile gerekenleri yapaca\u011f\u0131n\u0131za inan\u0131yorum\u201d diye konu\u015ftu.<\/span> <\/p>\n<p> <span style=\"font-size:14px;\">Kurt, daha sonra ba\u015far\u0131l\u0131 zab\u0131ta personellerine te\u015fekk\u00fcr belgesi verdi.<\/span> <\/p>\n","protected":false},"excerpt":{"rendered":"<p>Yalova\u2019da yaz turizminin \u00f6nemli merkezi \u00c7\u0131narc\u0131k\u2019ta yakla\u015fan yaz sezonu \u00f6ncesinde Belediye Ba\u015fkan\u0131 Avni Kurt, zab\u0131ta personeliyle de\u011ferlendirme toplant\u0131s\u0131 yapt\u0131. \u00c7\u0131narc\u0131k<\/p>\n","protected":false},"author":1,"featured_media":4675,"comment_status":"open","ping_status":"open","sticky":false,"template":"","format":"standard","meta":[],"categories":[1],"tags":[],"_links":{"self":[{"href":"http:\/\/www.mertcanpolat.com.tr\/dev\/wp-json\/wp\/v2\/posts\/4674"}],"collection":[{"href":"http:\/\/www.mertcanpolat.com.tr\/dev\/wp-json\/wp\/v2\/posts"}],"about":[{"href":"http:\/\/www.mertcanpolat.com.tr\/dev\/wp-json\/wp\/v2\/types\/post"}],"author":[{"embeddable":true,"href":"http:\/\/www.mertcanpolat.com.tr\/dev\/wp-json\/wp\/v2\/users\/1"}],"replies":[{"embeddable":true,"href":"http:\/\/www.mertcanpolat.com.tr\/dev\/wp-json\/wp\/v2\/comments?post=4674"}],"version-history":[{"count":0,"href":"http:\/\/www.mertcanpolat.com.tr\/dev\/wp-json\/wp\/v2\/posts\/4674\/revisions"}],"wp:featuredmedia":[{"embeddable":true,"href":"http:\/\/www.mertcanpolat.com.tr\/dev\/wp-json\/wp\/v2\/media\/4675"}],"wp:attachment":[{"href":"http:\/\/www.mertcanpolat.com.tr\/dev\/wp-json\/wp\/v2\/media?parent=4674"}],"wp:term":[{"taxonomy":"category","embeddable":true,"href":"http:\/\/www.mertcanpolat.com.tr\/dev\/wp-json\/wp\/v2\/categories?post=4674"},{"taxonomy":"post_tag","embeddable":true,"href":"http:\/\/www.mertcanpolat.com.tr\/dev\/wp-json\/wp\/v2\/tags?post=4674"}],"curies":[{"name":"wp","href":"https:\/\/api.w.org\/{rel}","templated":true}]}}