{"id":4672,"date":"2017-05-03T15:54:00","date_gmt":"2017-05-03T15:54:00","guid":{"rendered":"http:\/\/www.mertcanpolat.com.tr\/dev\/index.php\/2017\/05\/03\/dunya-mirasina-kabul-edilecek-mi\/"},"modified":"2017-05-03T15:54:00","modified_gmt":"2017-05-03T15:54:00","slug":"dunya-mirasina-kabul-edilecek-mi","status":"publish","type":"post","link":"http:\/\/www.mertcanpolat.com.tr\/dev\/dunya-mirasina-kabul-edilecek-mi\/","title":{"rendered":"D\u00dcNYA M\u0130RASINA KABUL ED\u0130LECEK M\u0130?"},"content":{"rendered":"<p><b>Yalova\u2019n\u0131n markas\u0131, B\u00fcy\u00fck \u00d6nder Mustafa Kemal Atat\u00fcrk\u2019\u00fcn \u00e7evre abidesi Y\u00fcr\u00fcyen K\u00f6\u015fk\u2019\u00fcn UNUESCO D\u00fcnya Miras\u0131 Ge\u00e7ici Listesine kaydedilmesi amac\u0131yla yap\u0131lan m\u00fcracaat kabul edilmedi. Adayl\u0131k s\u00fcrecinin yeniden ba\u015flad\u0131\u011f\u0131n\u0131 belirten Yalova Belediye Ba\u015fkan\u0131 Vefa Salman, m\u00fcracaat\u0131n daha detayl\u0131 bir dosya haz\u0131rlanarak tekrar yap\u0131laca\u011f\u0131n\u0131 belirtti.<\/b>   <\/p>\n<p> <span style=\"font-size:14px;\"> <img alt=\"\" src=\"http:\/\/ajansyalova.com\/Images\/Thumbs\/Editor\/6151-yuruyenkoskunescotoplantisi.jpeg\" style=\"border-width: 2px; border-style: solid; margin: 2px; float: left; width: 750px; height: 500px;\" \/>Y\u00fcr\u00fcyen K\u00f6\u015fk\u2019\u00fcn UNESCO D\u00fcnya Miras\u0131 Ge\u00e7ici Listesine kabul edilmesi amac\u0131yla \u00e7al\u0131\u015fmalar yeniden ba\u015flad\u0131. Yalova Belediye Ba\u015fkan\u0131 Vefa Salman, Yalova Belediyesi eski Ba\u015fkan\u0131 Barbaros Binicio\u011flu, Kent Konseyi Ba\u015fkan\u0131 \u0130smail Mutlu, T\u00dcRSAB Yalova BYK Ba\u015fkan\u0131 Ba\u015fol Hara\u00e7 ve Y\u00fcr\u00fcyen K\u00f6\u015fk G\u00f6n\u00fcll\u00fcs\u00fc Metin Erdo\u011fan bir araya gelerek s\u00fcreci de\u011ferlendirdi.<\/span> <\/p>\n<p> <strong> <span style=\"font-size:14px;\">\u201cDaha Yolun Ba\u015f\u0131nday\u0131z\u201d<\/span> <\/strong> <\/p>\n<p> <span style=\"font-size:14px;\">UNESCO\u2019ya yap\u0131lan m\u00fcracaat\u0131 de\u011ferlendiren Ba\u015fkan Salman; \u201cDaha yolun ba\u015f\u0131nda oldu\u011fumuzu biliyoruz. D\u00fcnya miras\u0131 listesine girmek i\u00e7in m\u00fcracaat edip 21 y\u0131l bu s\u00fcreci takip eden yerler var. Y\u00fcr\u00fcyen K\u00f6\u015fk Yalova\u2019n\u0131n en b\u00fcy\u00fck markas\u0131. \u00c7evrecilerin sembol\u00fc. 1930\u2019da \u00e7evrecili\u011fin \u2018\u00c7\u2019 si d\u00fcnya g\u00fcndeminde yokken \u00e7\u0131nar a\u011fac\u0131n\u0131n yaln\u0131zca bir dal\u0131na zarar vermemek i\u00e7in raylar \u00fczerinde kayd\u0131r\u0131lm\u0131\u015f nadide bir eser. Y\u00fcr\u00fcyen K\u00f6\u015fk\u2019\u00fc tan\u0131tmak ad\u0131na elimizden gelen her \u015feyin en iyisini ortaya koymaya \u00f6zen g\u00f6steriyoruz. 2004 y\u0131l\u0131ndan sonra Y\u00fcr\u00fcyen K\u00f6\u015fk\u2019\u00fc tekrar halk ile bulu\u015fturan, tan\u0131t\u0131m\u0131na b\u00fcy\u00fck katk\u0131 sa\u011flayan eski Belediye Ba\u015fkan\u0131m\u0131z Barbaros Binicio\u011flu, bug\u00fcn de adayl\u0131k s\u00fcrecinde yan\u0131m\u0131zda. Bu konu bizim hassas noktam\u0131z s\u00fcre\u00e7 ne kadar uzun olursa olsun Gazi Mustafa Kemal\u2019in bizlere olan miras\u0131n\u0131 t\u00fcm d\u00fcnyaya tan\u0131taca\u011f\u0131z\u201d diye konu\u015ftu.&nbsp;&nbsp;<\/span> <\/p>\n","protected":false},"excerpt":{"rendered":"<p>Yalova\u2019n\u0131n markas\u0131, B\u00fcy\u00fck \u00d6nder Mustafa Kemal Atat\u00fcrk\u2019\u00fcn \u00e7evre abidesi Y\u00fcr\u00fcyen K\u00f6\u015fk\u2019\u00fcn UNUESCO D\u00fcnya Miras\u0131 Ge\u00e7ici Listesine kaydedilmesi amac\u0131yla yap\u0131lan m\u00fcracaat<\/p>\n","protected":false},"author":1,"featured_media":4673,"comment_status":"open","ping_status":"open","sticky":false,"template":"","format":"standard","meta":[],"categories":[1],"tags":[],"_links":{"self":[{"href":"http:\/\/www.mertcanpolat.com.tr\/dev\/wp-json\/wp\/v2\/posts\/4672"}],"collection":[{"href":"http:\/\/www.mertcanpolat.com.tr\/dev\/wp-json\/wp\/v2\/posts"}],"about":[{"href":"http:\/\/www.mertcanpolat.com.tr\/dev\/wp-json\/wp\/v2\/types\/post"}],"author":[{"embeddable":true,"href":"http:\/\/www.mertcanpolat.com.tr\/dev\/wp-json\/wp\/v2\/users\/1"}],"replies":[{"embeddable":true,"href":"http:\/\/www.mertcanpolat.com.tr\/dev\/wp-json\/wp\/v2\/comments?post=4672"}],"version-history":[{"count":0,"href":"http:\/\/www.mertcanpolat.com.tr\/dev\/wp-json\/wp\/v2\/posts\/4672\/revisions"}],"wp:featuredmedia":[{"embeddable":true,"href":"http:\/\/www.mertcanpolat.com.tr\/dev\/wp-json\/wp\/v2\/media\/4673"}],"wp:attachment":[{"href":"http:\/\/www.mertcanpolat.com.tr\/dev\/wp-json\/wp\/v2\/media?parent=4672"}],"wp:term":[{"taxonomy":"category","embeddable":true,"href":"http:\/\/www.mertcanpolat.com.tr\/dev\/wp-json\/wp\/v2\/categories?post=4672"},{"taxonomy":"post_tag","embeddable":true,"href":"http:\/\/www.mertcanpolat.com.tr\/dev\/wp-json\/wp\/v2\/tags?post=4672"}],"curies":[{"name":"wp","href":"https:\/\/api.w.org\/{rel}","templated":true}]}}