{"id":4660,"date":"2017-05-04T14:35:00","date_gmt":"2017-05-04T14:35:00","guid":{"rendered":"http:\/\/www.mertcanpolat.com.tr\/dev\/index.php\/2017\/05\/04\/ak-partiden-kasikciya-cevap\/"},"modified":"2017-05-04T14:35:00","modified_gmt":"2017-05-04T14:35:00","slug":"ak-partiden-kasikciya-cevap","status":"publish","type":"post","link":"http:\/\/www.mertcanpolat.com.tr\/dev\/ak-partiden-kasikciya-cevap\/","title":{"rendered":"AK PART\u0130\u2019DEN KA\u015eIK\u00c7I\u2019YA CEVAP"},"content":{"rendered":"<p><b>Ak Parti \u00c7iftlikk\u00f6y Gen\u00e7lik Kollar\u0131 Ba\u015fkan\u0131 Ahmet Ayd\u0131n, CHP Gen\u00e7lik Kollar\u0131 Ba\u015fkan\u0131 Sava\u015f Ka\u015f\u0131k\u00e7\u0131\u2019ya cevap verdi. Ayd\u0131n, \u00c7iftlikk\u00f6y\u2019\u00fcn Ali Murat Silpagar d\u00f6neminde yeniden in\u015fa edildi\u011fini s\u00f6yledi.<\/b>   <\/p>\n<p> <span style=\"font-size:14px;\">Yaz\u0131l\u0131 bir a\u00e7\u0131klama yapan Ahmet Ayd\u0131n, Ka\u015f\u0131k\u00e7\u0131\u2019n\u0131n \u00c7iftlikk\u00f6y Belediye Ba\u015fkan\u0131 Ali Murat Silpagar\u2019a y\u00f6nelik ele\u015ftirilerini yan\u0131tlad\u0131. Ayd\u0131n, a\u00e7\u0131klamas\u0131nda \u201cSay\u0131n Belediye Ba\u015fkan\u0131m\u0131z Ali Murat Silpagar\u2019a olan yersiz yak\u0131\u015ft\u0131rmalar\u0131n\u0131 her ne olursa olsun bir siyasi parti mensubu yahut bir kurum \u00e7al\u0131\u015fan\u0131, fark etmez; halk\u0131n oylamas\u0131 ile gelmi\u015f bir dava adam\u0131n\u0131n yapt\u0131klar\u0131n\u0131 g\u00f6rmemezlikten gelmek kendi peynirinizin k\u00fcflenmesinden dahi haberinizin olmad\u0131\u011f\u0131n\u0131 g\u00f6stermektedir\u201d ifadelerine yer verdi.<\/span> <\/p>\n<p> <span style=\"font-size:14px;\">Ka\u015f\u0131k\u00e7\u0131\u2019ya \u201cB\u00fcy\u00fck resmi g\u00f6remiyorsunuz. \u00c7\u00fcnk\u00fc k\u00fc\u00e7\u00fck insanlar ki\u015filerle, b\u00fcy\u00fck insanlar fikirlerle u\u011fra\u015f\u0131rlar\u201d diyerek seslenen Ahmet Ayd\u0131n, \u015f\u00f6yle devam etti:<\/span> <\/p>\n<p> <span style=\"font-size:14px;\">\u201c\u00c7iftlikk\u00f6y\u2019de yollar\u0131 kazmadan, toz toprak olmadan, alt yap\u0131 \u00e7al\u0131\u015fmas\u0131 yap\u0131lamazd\u0131. \u00d6rnek verirsek; \u00c7iftlikk\u00f6y sahili yap\u0131l\u0131rken, yine kaz\u0131ld\u0131, yine toz toprak \u00e7\u0131kt\u0131, yine insanlar bir s\u00fcre bu sahili kullanamad\u0131; ama sonucunda \u0131\u015f\u0131k sa\u00e7an, tertemiz, \u00c7iftlikk\u00f6y halk\u0131na yara\u015f\u0131r bir sahil ortaya \u00e7\u0131kt\u0131. Sizler bu sahili ziyadesiyle kullan\u0131yorsunuz, kullan\u0131n. Bizim hizmetimiz milletimizedir. Marmara B\u00f6lgesi\u2019nde \u00f6d\u00fcl alan bir sahil yaratt\u0131k. Bu da m\u0131 size \u00f6rnek olmuyor? \u0130\u015fte bu altyap\u0131 da aynen b\u00f6yle olacak ve sonunda tertemiz, asfaltl\u0131 ve parke ta\u015fl\u0131 m\u00fckemmel yollar\u0131m\u0131z ile alt yap\u0131 sorunu olmayan bir kentimiz olacak. Konu\u015fmuyoruz, sahilde yapt\u0131\u011f\u0131m\u0131z gibi \u015fimdi de \u00c7iftlikk\u00f6y&#8217;\u00fcn her sokak, cadde, mahalle keza evlerin \u00f6n\u00fcne kadar her yeri yeniliyoruz.&nbsp; Peki ya o zaman bu s\u00f6ylediklerinizden utanacak ve \u00f6z\u00fcr dileyecek misiniz? Ger\u00e7i CHP zihniyetinde b\u00f6yle bir \u015fey s\u00f6z konusu de\u011fil cesaret bile edemezsiniz bu halktan \u00f6z\u00fcr dilemeye\u201d<\/span> <\/p>\n<p> <span style=\"font-size:14px;\">Silpagar\u2019\u0131n \u00c7iftlikk\u00f6y\u2019de pek \u00e7ok projeye imza att\u0131\u011f\u0131na da de\u011finen Ahmet Ayd\u0131n, \u201cBunlar\u0131 s\u0131ralayacak olursak, sahil projesi, engelsiz kafe, \u00e7ocuk parklar\u0131n\u0131n yenilenmesi,&nbsp; ayd\u0131nlat\u0131lm\u0131\u015f sokaklar, \u00c7iftlikk\u00f6y\u2019de imar\u0131n 4 kata \u00e7\u0131kar\u0131lmas\u0131, yer alt\u0131 \u00e7\u00f6p konteyn\u0131rlar\u0131, sosyal tesislerin halka a\u00e7\u0131lmas\u0131, kav\u015fak projesi, modern d\u00fc\u011f\u00fcn salonu yap\u0131m\u0131, alt yap\u0131 yenilenmesi, elektrik hatlar\u0131n\u0131n yer alt\u0131na al\u0131nmas\u0131 ve daha sayamad\u0131\u011f\u0131m\u0131z onlarca hizmete \u00f6nc\u00fcl\u00fck ettik\u201d dedi.<\/span> <\/p>\n<p> <span style=\"font-size:14px;\">Ahmet Ayd\u0131n, istihdamla ilgili ele\u015ftirilere de \u015f\u00f6yle yan\u0131t verdi:<\/span> <\/p>\n<p> <span style=\"font-size:14px;\">\u201c\u00c7iftlikk\u00f6y Belediyesi\u2019nin gen\u00e7lere bir\u00e7ok noktada i\u015f kap\u0131s\u0131 yaratt\u0131, 3 y\u0131lda \u00c7iftlikk\u00f6y\u2019de bir\u00e7ok gen\u00e7 i\u015fe girdi, evine ekmek g\u00f6t\u00fcrd\u00fc. \u00c7iftlikk\u00f6y tarihinde en \u00e7ok istihdam\u0131n oldu\u011fu d\u00f6nemi ya\u015f\u0131yor. Ayr\u0131ca 15 y\u0131lda \u00c7iftlikk\u00f6y\u2019e yap\u0131lan yat\u0131r\u0131m say\u0131s\u0131 bizim 3 senede yapt\u0131\u011f\u0131m\u0131z yat\u0131r\u0131mdan daha azd\u0131r. Bunu siz de biliyor ve g\u00f6r\u00fcyorsunuz, ama kabullenemiyorsunuz. Ayr\u0131ca \u015funu belirtmek gerekir ki billboardlar\u0131m\u0131z hizmetlerimizin yans\u0131mas\u0131d\u0131r. G\u00f6steri\u015f yapmak CHP ile \u00f6zde\u015fle\u015fmi\u015f bir terimdir. Halk\u0131m\u0131z hizmet bekliyor, bu vatanda\u015flar\u0131n bo\u015f laflara manip\u00fclasyonlara ihtiyac\u0131 yoktur\u201d<\/span> <\/p>\n<p>&nbsp;<\/p>\n","protected":false},"excerpt":{"rendered":"<p>Ak Parti \u00c7iftlikk\u00f6y Gen\u00e7lik Kollar\u0131 Ba\u015fkan\u0131 Ahmet Ayd\u0131n, CHP Gen\u00e7lik Kollar\u0131 Ba\u015fkan\u0131 Sava\u015f Ka\u015f\u0131k\u00e7\u0131\u2019ya cevap verdi. Ayd\u0131n, \u00c7iftlikk\u00f6y\u2019\u00fcn Ali Murat<\/p>\n","protected":false},"author":1,"featured_media":4661,"comment_status":"open","ping_status":"open","sticky":false,"template":"","format":"standard","meta":[],"categories":[1],"tags":[],"_links":{"self":[{"href":"http:\/\/www.mertcanpolat.com.tr\/dev\/wp-json\/wp\/v2\/posts\/4660"}],"collection":[{"href":"http:\/\/www.mertcanpolat.com.tr\/dev\/wp-json\/wp\/v2\/posts"}],"about":[{"href":"http:\/\/www.mertcanpolat.com.tr\/dev\/wp-json\/wp\/v2\/types\/post"}],"author":[{"embeddable":true,"href":"http:\/\/www.mertcanpolat.com.tr\/dev\/wp-json\/wp\/v2\/users\/1"}],"replies":[{"embeddable":true,"href":"http:\/\/www.mertcanpolat.com.tr\/dev\/wp-json\/wp\/v2\/comments?post=4660"}],"version-history":[{"count":0,"href":"http:\/\/www.mertcanpolat.com.tr\/dev\/wp-json\/wp\/v2\/posts\/4660\/revisions"}],"wp:featuredmedia":[{"embeddable":true,"href":"http:\/\/www.mertcanpolat.com.tr\/dev\/wp-json\/wp\/v2\/media\/4661"}],"wp:attachment":[{"href":"http:\/\/www.mertcanpolat.com.tr\/dev\/wp-json\/wp\/v2\/media?parent=4660"}],"wp:term":[{"taxonomy":"category","embeddable":true,"href":"http:\/\/www.mertcanpolat.com.tr\/dev\/wp-json\/wp\/v2\/categories?post=4660"},{"taxonomy":"post_tag","embeddable":true,"href":"http:\/\/www.mertcanpolat.com.tr\/dev\/wp-json\/wp\/v2\/tags?post=4660"}],"curies":[{"name":"wp","href":"https:\/\/api.w.org\/{rel}","templated":true}]}}