{"id":4658,"date":"2017-05-04T14:45:00","date_gmt":"2017-05-04T14:45:00","guid":{"rendered":"http:\/\/www.mertcanpolat.com.tr\/dev\/index.php\/2017\/05\/04\/ciftlikkoyde-issizlik-ve-istihdam-calistayi-basladi\/"},"modified":"2017-05-04T14:45:00","modified_gmt":"2017-05-04T14:45:00","slug":"ciftlikkoyde-issizlik-ve-istihdam-calistayi-basladi","status":"publish","type":"post","link":"http:\/\/www.mertcanpolat.com.tr\/dev\/ciftlikkoyde-issizlik-ve-istihdam-calistayi-basladi\/","title":{"rendered":"\u201c\u00c7\u0130FTL\u0130KK\u00d6Y\u2019DE \u0130\u015eS\u0130ZL\u0130K VE \u0130ST\u0130HDAM\u201d \u00c7ALI\u015eTAYI BA\u015eLADI"},"content":{"rendered":"<p><b>\u00c7iftlikk\u00f6y Belediyesi\u2019nin Avrupa Birli\u011fi Projesi\u2019nin b\u00f6l\u00fcmlerinden birisi olan \u2018\u00c7iftlikk\u00f6y\u2019de \u0130\u015fsizlik ve \u0130stihdam\u2019 konulu \u00e7al\u0131\u015ftay, Yalova Uygulama Oteli\u2019nde ba\u015flad\u0131.<\/b>   <\/p>\n<p> <span style=\"font-size:14px;\">T\u00fcrkiye\u2019nin farkl\u0131 \u00fcniversitelerinden akademisyenlerin yan\u0131 s\u0131ra, Yalova ve \u00c7iftlikk\u00f6y\u2019de yer alan kamu ve sivil toplum \u00f6rg\u00fctlerinin temsilcilerinin de yer ald\u0131\u011f\u0131 \u00e7al\u0131\u015ftaya, projeden sorumlu olan \u00c7iftlikk\u00f6y Belediye Ba\u015fkan Yard\u0131mc\u0131s\u0131 Yavuz Akg\u00fcn ve AB Proje Ofisi Koordinat\u00f6r\u00fc Ay\u015fe Sultan Yaz\u0131c\u0131 ev sahipli\u011fi yapt\u0131.<\/span> <\/p>\n<p> <strong> <span style=\"font-size:14px;\">S\u0130LPAGAR, \u201cBU PROJE B\u0130R FABR\u0130KA G\u0130B\u0130 \u00dcRET\u0130YOR\u201d<\/span> <\/strong> <\/p>\n<p> <span style=\"font-size:14px;\">\u00c7al\u0131\u015ftay ba\u015flang\u0131c\u0131nda konu\u015fan \u00c7iftlikk\u00f6y Belediye Ba\u015fkan\u0131 Ali Murat Silpagar, projenin bir fabrika gibi yan hizmetleri \u00fcreterek sundu\u011funu dile getirdi. Silpagar, \u201cBu proje 244 bin euroluk bir proje. Yakla\u015f\u0131k 1,5 trilyonluk bir proje. Nereye kadar gidiyor, f\u0131r\u0131nc\u0131ya kadar, taksiciye kadar gidiyor. Bas\u0131na gidiyor. Bir fabrika gibi t\u0131pk\u0131, bu proje yan hizmetleri \u00fcretmi\u015f ve sunuyor. Ad\u0131m ad\u0131m, kimseyi k\u0131rmadan ama sistemli bir \u015fekilde gidiyorlar. \u00c7ok g\u00fczel gidiyorlar. Bu \u015fu demek, yapt\u0131\u011f\u0131 projelerle \u00c7iftlikk\u00f6y Belediyesi o konuma gelecek\u201d dedi.<\/span> <\/p>\n<p> <strong> <span style=\"font-size:14px;\">\u201cPROJEN\u0130N B\u0130R AYA\u011eI DA \u00c7ALI\u015eTAY\u201d<\/span> <\/strong> <\/p>\n<p> <span style=\"font-size:14px;\">\u00c7iftlikk\u00f6y Belediyesi\u2019nin Avrupa Birli\u011fi\u2019nden ald\u0131\u011f\u0131 ilk hibe projesinin bu proje oldu\u011funu kaydeden Ba\u015fkan Silpagar,&nbsp; \u201c16-44 ya\u015f aras\u0131 yoksul ve i\u015fsiz vatanda\u015flar\u0131m\u0131z \u00f6ncelikli olmak \u00fczere, engelli ve dezavantajl\u0131 vatanda\u015flar, kad\u0131nlar\u0131m\u0131z ve gen\u00e7ler bu projeden yararlanacak. Yakla\u015f\u0131k 500 ki\u015fi bu projeden yararlanacak. \u015eu an 480 ki\u015fiyi ge\u00e7ti. Burada ho\u015fuma giden \u015fu, bunun bir aya\u011f\u0131 da \u00e7al\u0131\u015ftay. Bu projenin kazand\u0131raca\u011f\u0131 en g\u00fczel \u015fey \u015fu; Bir projenin yap\u0131lma a\u015famalar\u0131 b\u00f6yledir, \u00e7al\u0131\u015ftaylar d\u00fczenlenir, bas\u0131n aya\u011f\u0131 olur, bu i\u015fin e\u011fitimini alm\u0131\u015f arkada\u015flar\u0131m\u0131z y\u00f6nlendirmelerini yapar, biz de bunlardan yola \u00e7\u0131kar\u0131z. B\u00f6yle olmas\u0131 gerekiyor\u201d diye konu\u015ftu.<\/span> <\/p>\n<p> <strong> <span style=\"font-size:14px;\">\u00c7ALI\u015eMA GRUPLARI OLU\u015eTURULDU<\/span> <\/strong> <\/p>\n<p> <span style=\"font-size:14px;\">Uluda\u011f \u00dcniversitesi\u2019nden Psikolog Gamze \u00d6zdemir ve Sosyolog Mustafa Berkay Ayd\u0131n, Anadolu \u00dcniversitesi\u2019nden Ar.G\u00f6r. \u00c7a\u011fda\u015f Seyhan,&nbsp; Harran \u00dcniversitesi\u2019nden Mahmut K\u00fc\u00e7\u00fcko\u011flu, Yalova \u00dcniversitesi Dekan Yrd. Muharrem Es gibi isimlerin ve KOSGEB, YTSO Kas\u0131n Giri\u015fimciler gibi kurumlar\u0131n yer ald\u0131\u011f\u0131 \u00e7al\u0131\u015ftayda Kad\u0131n Masas\u0131, Gen\u00e7lik Masas\u0131 ve Yerel Masa ad\u0131 alt\u0131nda olu\u015fturulan \u00e7al\u0131\u015fma gruplar\u0131 yer ald\u0131.<\/span> <\/p>\n<p> <span style=\"font-size:14px;\">\u00c7al\u0131\u015ftay\u0131n ilk g\u00fcn\u00fcnde \u00c7iftlikk\u00f6y\u2019de \u00e7al\u0131\u015fmayan kad\u0131nlar\u0131n genel \u00f6zellikleri ve i\u015fsizlik nedenleri, \u00e7al\u0131\u015fmayan gen\u00e7lerin genel \u00f6zellikleri ve sanayiye, tar\u0131m hayvanc\u0131l\u0131\u011fa ve hizmet sekt\u00f6r\u00fcne ili\u015fkin potansiyeller gibi konular ele al\u0131nd\u0131. 3 g\u00fcn s\u00fcrecek olan \u00e7al\u0131\u015ftaydan elde edilecek veriler, sonu\u00e7 bildirgesi ile detayl\u0131 olarak kamuoyuna sunulacak.<\/span> <\/p>\n<p>&nbsp;<\/p>\n","protected":false},"excerpt":{"rendered":"<p>\u00c7iftlikk\u00f6y Belediyesi\u2019nin Avrupa Birli\u011fi Projesi\u2019nin b\u00f6l\u00fcmlerinden birisi olan \u2018\u00c7iftlikk\u00f6y\u2019de \u0130\u015fsizlik ve \u0130stihdam\u2019 konulu \u00e7al\u0131\u015ftay, Yalova Uygulama Oteli\u2019nde ba\u015flad\u0131. T\u00fcrkiye\u2019nin farkl\u0131<\/p>\n","protected":false},"author":1,"featured_media":4659,"comment_status":"open","ping_status":"open","sticky":false,"template":"","format":"standard","meta":[],"categories":[1],"tags":[],"_links":{"self":[{"href":"http:\/\/www.mertcanpolat.com.tr\/dev\/wp-json\/wp\/v2\/posts\/4658"}],"collection":[{"href":"http:\/\/www.mertcanpolat.com.tr\/dev\/wp-json\/wp\/v2\/posts"}],"about":[{"href":"http:\/\/www.mertcanpolat.com.tr\/dev\/wp-json\/wp\/v2\/types\/post"}],"author":[{"embeddable":true,"href":"http:\/\/www.mertcanpolat.com.tr\/dev\/wp-json\/wp\/v2\/users\/1"}],"replies":[{"embeddable":true,"href":"http:\/\/www.mertcanpolat.com.tr\/dev\/wp-json\/wp\/v2\/comments?post=4658"}],"version-history":[{"count":0,"href":"http:\/\/www.mertcanpolat.com.tr\/dev\/wp-json\/wp\/v2\/posts\/4658\/revisions"}],"wp:featuredmedia":[{"embeddable":true,"href":"http:\/\/www.mertcanpolat.com.tr\/dev\/wp-json\/wp\/v2\/media\/4659"}],"wp:attachment":[{"href":"http:\/\/www.mertcanpolat.com.tr\/dev\/wp-json\/wp\/v2\/media?parent=4658"}],"wp:term":[{"taxonomy":"category","embeddable":true,"href":"http:\/\/www.mertcanpolat.com.tr\/dev\/wp-json\/wp\/v2\/categories?post=4658"},{"taxonomy":"post_tag","embeddable":true,"href":"http:\/\/www.mertcanpolat.com.tr\/dev\/wp-json\/wp\/v2\/tags?post=4658"}],"curies":[{"name":"wp","href":"https:\/\/api.w.org\/{rel}","templated":true}]}}