{"id":4656,"date":"2017-05-04T15:06:00","date_gmt":"2017-05-04T15:06:00","guid":{"rendered":"http:\/\/www.mertcanpolat.com.tr\/dev\/index.php\/2017\/05\/04\/taisad-neden-kapatildi\/"},"modified":"2017-05-04T15:06:00","modified_gmt":"2017-05-04T15:06:00","slug":"taisad-neden-kapatildi","status":"publish","type":"post","link":"http:\/\/www.mertcanpolat.com.tr\/dev\/taisad-neden-kapatildi\/","title":{"rendered":"TA\u0130SAD NEDEN KAPATILDI?"},"content":{"rendered":"<p><b>Yalova\u2019n\u0131n \u00c7iftlikk\u00f6y il\u00e7esinde Ta\u015f\u0131t Ara\u00e7lar\u0131 \u0130htisas Organize Sanayi B\u00f6lgesi kurmak i\u00e7in \u00e7al\u0131\u015fmalar y\u00fcr\u00fcten dernek, son kanun h\u00fckm\u00fcnde kararnameler kapsam\u0131nda kapat\u0131lan dernekler aras\u0131nda yer ald\u0131. <\/b>   <\/p>\n<p> <span style=\"font-size:14px;\">Ta\u015f\u0131t Ara\u00e7lar\u0131 \u0130htisas Sanayici ve \u0130\u015fadamlar\u0131 Derne\u011fi, ge\u00e7ti\u011fimiz g\u00fcnlerde \u00e7\u0131kart\u0131lan kanun h\u00fckm\u00fcnde kararname ile kapat\u0131ld\u0131. Ad\u0131n\u0131 Yalova\u2019ya kuraca\u011f\u0131 ve 15 bin ki\u015finin istihdam sa\u011flayaca\u011f\u0131 s\u00f6ylenen organize sanayi b\u00f6lgesi projesiyle duyuran TA\u0130SAD\u2019\u0131n kapat\u0131lmas\u0131 kamuoyunda merak uyand\u0131rd\u0131.<\/span> <\/p>\n<p> <span style=\"font-size:14px;\">\u00c7iftlikk\u00f6y\u2019de kurulacak OSB\u2019yle ilgili olarak Yalova kamuoyunun ve kurumlar\u0131n\u0131n destek verdi\u011fi TA\u0130SAD\u2019\u0131n kapat\u0131lmas\u0131nda FET\u00d6 \u015f\u00fcphesi uyan\u0131rken hen\u00fcz konuyla ilgili bir a\u00e7\u0131klama da gelmedi.<\/span> <\/p>\n<p> <span style=\"font-size:14px;\">Derne\u011fin kapat\u0131lmas\u0131yla OSB projesinin ne olaca\u011f\u0131 da muamma oldu.<\/span> <\/p>\n","protected":false},"excerpt":{"rendered":"<p>Yalova\u2019n\u0131n \u00c7iftlikk\u00f6y il\u00e7esinde Ta\u015f\u0131t Ara\u00e7lar\u0131 \u0130htisas Organize Sanayi B\u00f6lgesi kurmak i\u00e7in \u00e7al\u0131\u015fmalar y\u00fcr\u00fcten dernek, son kanun h\u00fckm\u00fcnde kararnameler kapsam\u0131nda kapat\u0131lan<\/p>\n","protected":false},"author":1,"featured_media":4657,"comment_status":"open","ping_status":"open","sticky":false,"template":"","format":"standard","meta":[],"categories":[1],"tags":[],"_links":{"self":[{"href":"http:\/\/www.mertcanpolat.com.tr\/dev\/wp-json\/wp\/v2\/posts\/4656"}],"collection":[{"href":"http:\/\/www.mertcanpolat.com.tr\/dev\/wp-json\/wp\/v2\/posts"}],"about":[{"href":"http:\/\/www.mertcanpolat.com.tr\/dev\/wp-json\/wp\/v2\/types\/post"}],"author":[{"embeddable":true,"href":"http:\/\/www.mertcanpolat.com.tr\/dev\/wp-json\/wp\/v2\/users\/1"}],"replies":[{"embeddable":true,"href":"http:\/\/www.mertcanpolat.com.tr\/dev\/wp-json\/wp\/v2\/comments?post=4656"}],"version-history":[{"count":0,"href":"http:\/\/www.mertcanpolat.com.tr\/dev\/wp-json\/wp\/v2\/posts\/4656\/revisions"}],"wp:featuredmedia":[{"embeddable":true,"href":"http:\/\/www.mertcanpolat.com.tr\/dev\/wp-json\/wp\/v2\/media\/4657"}],"wp:attachment":[{"href":"http:\/\/www.mertcanpolat.com.tr\/dev\/wp-json\/wp\/v2\/media?parent=4656"}],"wp:term":[{"taxonomy":"category","embeddable":true,"href":"http:\/\/www.mertcanpolat.com.tr\/dev\/wp-json\/wp\/v2\/categories?post=4656"},{"taxonomy":"post_tag","embeddable":true,"href":"http:\/\/www.mertcanpolat.com.tr\/dev\/wp-json\/wp\/v2\/tags?post=4656"}],"curies":[{"name":"wp","href":"https:\/\/api.w.org\/{rel}","templated":true}]}}