{"id":4654,"date":"2017-05-06T13:33:00","date_gmt":"2017-05-06T13:33:00","guid":{"rendered":"http:\/\/www.mertcanpolat.com.tr\/dev\/index.php\/2017\/05\/06\/topculardan-kongre-aciklamasi\/"},"modified":"2017-05-06T13:33:00","modified_gmt":"2017-05-06T13:33:00","slug":"topculardan-kongre-aciklamasi","status":"publish","type":"post","link":"http:\/\/www.mertcanpolat.com.tr\/dev\/topculardan-kongre-aciklamasi\/","title":{"rendered":"TOP\u00c7ULAR&#39;DAN KONGRE A\u00c7IKLAMASI"},"content":{"rendered":"<p><b>MHP Yalova \u0130l Ba\u015fkan\u0131 Hasan Top\u00e7ular, partisinin yap\u0131lacak \u0130l kongresinden \u00f6nce de\u011ferlendirmelerde bulundu.<\/b>   <\/p>\n<p> <span style=\"font-size:14px;\">Top\u00e7ular, partisinin il ba\u015fkanl\u0131\u011f\u0131nda gazetecilere yapt\u0131\u011f\u0131 a\u00e7\u0131klamada, 21 May\u0131s&#8217;ta ayn\u0131 tarih ve saatte 39 ilde kongrelerin yap\u0131laca\u011f\u0131n\u0131 hat\u0131rlatt\u0131.<\/span> <\/p>\n<p> <span style=\"font-size:14px;\">Yalova&#8217;da da kongre haz\u0131rl\u0131klar\u0131n\u0131n devam etti\u011fini belirten Top\u00e7ular, \u015f\u00f6yle konu\u015ftu:&nbsp;<\/span> <\/p>\n<p> <span style=\"font-size:14px;\">&#8220;MHP Genel Merkezinin alm\u0131\u015f oldu\u011fu kararlar \u00e7er\u00e7evesinde 18 Mart 2018&#8217;de yap\u0131lacak olan ola\u011fan kongre i\u00e7in verilen tarihler \u00e7er\u00e7evesinde il\u00e7e kongrelerini bitirdik. Kongre s\u00fcrecinde il\u00e7e te\u015fkilatlar\u0131m\u0131z\u0131n hepsinde tek adayla kongrelerini yapt\u0131. MHP Genel Ba\u015fkan\u0131 Devlet Bah\u00e7eli&#8217;nin yapt\u0131\u011f\u0131 toplant\u0131da da a\u00e7\u0131klad\u0131\u011f\u0131 gibi 21 May\u0131s 2017 tarihinde, partimiz 39 ilde ayn\u0131 tarihte ayn\u0131 saatte 39 il te\u015fkilat\u0131 il kongresini yapacak. Bu kongresini yapacak te\u015fkilatlar ola\u011fan genel kurula kendini haz\u0131rlam\u0131\u015f olacaklar. Biz Yalova Te\u015fkilat\u0131 olarak da 21 May\u0131s&#8217;ta Yalova Halk E\u011fitim Merkezi&#8217;nde saat 13.00 &#8211; 17.00 saatlerinde 8. Ola\u011fan \u0130l Kongremizi yapm\u0131\u015f olaca\u011f\u0131z.&#8221;<\/span> <\/p>\n<p> <span style=\"font-size:14px;\">\u0130l Ba\u015fkanl\u0131\u011f\u0131na tekrar aday oldu\u011funu belirten Top\u00e7ular, \u015funlar\u0131 kaydetti:&nbsp;<\/span> <\/p>\n<p> <span style=\"font-size:14px;\">&#8220;MHP, adayl\u0131k noktas\u0131nda, demokrasiye inan\u00e7 noktas\u0131nda daha fazla bu de\u011ferlere dikkat eden bir siyasi partidir. \u00d6nceden de ya\u015fad\u0131\u011f\u0131m\u0131z gibi adayl\u0131k s\u00fcresince isteyen herkes aday olabilmi\u015ftir ama bu s\u00fcre\u00e7ten sonra maalesef b\u00fct\u00fcn bunlar, bundan sonra isteyen de\u011fil hakka vas\u0131f olanlar, MHP bayra\u011f\u0131n\u0131 en y\u00fckseklere ta\u015f\u0131yabilecek vas\u0131fta olan, kendine inanan, hi\u00e7bir ihanetin i\u00e7inde olmayan, MHP&#8217;ye 15 Temmuz \u00f6ncesi yap\u0131lan operasyonlar\u0131n i\u00e7erisinde olmayan, bu t\u00fcr ki\u015filerle ba\u011flant\u0131l\u0131 bulunmayan ki\u015filer \u0130l Ba\u015fkan\u0131 olma hakk\u0131na sahiptir. 5 d\u00f6nem il ba\u015fkanl\u0131\u011f\u0131 4,5 y\u0131l da \u00dclk\u00fc Ocaklar\u0131 Ba\u015fkanl\u0131\u011f\u0131 yapt\u0131m. 20 y\u0131la yak\u0131n te\u015fkilatta birlikte olduk. Ben tekrar ba\u015fkanl\u0131\u011fa aday\u0131m.&#8221;<\/span> <\/p>\n","protected":false},"excerpt":{"rendered":"<p>MHP Yalova \u0130l Ba\u015fkan\u0131 Hasan Top\u00e7ular, partisinin yap\u0131lacak \u0130l kongresinden \u00f6nce de\u011ferlendirmelerde bulundu. Top\u00e7ular, partisinin il ba\u015fkanl\u0131\u011f\u0131nda gazetecilere yapt\u0131\u011f\u0131 a\u00e7\u0131klamada,<\/p>\n","protected":false},"author":1,"featured_media":4655,"comment_status":"open","ping_status":"open","sticky":false,"template":"","format":"standard","meta":[],"categories":[1],"tags":[],"_links":{"self":[{"href":"http:\/\/www.mertcanpolat.com.tr\/dev\/wp-json\/wp\/v2\/posts\/4654"}],"collection":[{"href":"http:\/\/www.mertcanpolat.com.tr\/dev\/wp-json\/wp\/v2\/posts"}],"about":[{"href":"http:\/\/www.mertcanpolat.com.tr\/dev\/wp-json\/wp\/v2\/types\/post"}],"author":[{"embeddable":true,"href":"http:\/\/www.mertcanpolat.com.tr\/dev\/wp-json\/wp\/v2\/users\/1"}],"replies":[{"embeddable":true,"href":"http:\/\/www.mertcanpolat.com.tr\/dev\/wp-json\/wp\/v2\/comments?post=4654"}],"version-history":[{"count":0,"href":"http:\/\/www.mertcanpolat.com.tr\/dev\/wp-json\/wp\/v2\/posts\/4654\/revisions"}],"wp:featuredmedia":[{"embeddable":true,"href":"http:\/\/www.mertcanpolat.com.tr\/dev\/wp-json\/wp\/v2\/media\/4655"}],"wp:attachment":[{"href":"http:\/\/www.mertcanpolat.com.tr\/dev\/wp-json\/wp\/v2\/media?parent=4654"}],"wp:term":[{"taxonomy":"category","embeddable":true,"href":"http:\/\/www.mertcanpolat.com.tr\/dev\/wp-json\/wp\/v2\/categories?post=4654"},{"taxonomy":"post_tag","embeddable":true,"href":"http:\/\/www.mertcanpolat.com.tr\/dev\/wp-json\/wp\/v2\/tags?post=4654"}],"curies":[{"name":"wp","href":"https:\/\/api.w.org\/{rel}","templated":true}]}}